{"id":7381,"date":"2018-04-02T16:50:22","date_gmt":"2018-04-02T15:50:22","guid":{"rendered":"https:\/\/www.arhns.uns.ac.rs\/givsf\/?p=7381"},"modified":"2018-04-04T10:14:08","modified_gmt":"2018-04-04T09:14:08","slug":"dynamic-components-autocad-ii-faza","status":"publish","type":"post","link":"https:\/\/www.arhns.uns.ac.rs\/givsf\/dynamic-components-autocad-ii-faza\/","title":{"rendered":"Dynamic components AutoCAD &#8211;  II faza"},"content":{"rendered":"<p>Prvi korak posle definisanja objekta kojim \u017eelimo da se bavimo jeste upoznavanje sa alatkama koje \u0107emo koristiti pri formiranju dinami\u010dke komponente.<\/p>\n<p><strong>Prvi korak \u2013 planiranje dinami\u010dkog bloka <\/strong><\/p>\n<p>Na samom po\u010detku treba razmotriti \u0161ta \u017eelimo napraviti, odnosno u kolikoj meri blok \u017eelimo da pobolj\u0161amo, vode\u0107i ra\u010duna da dinami\u010dki blokovi fukcioni\u0161u po sistemu parametara kojima se zadaju odre\u0111ene akcije.<\/p>\n<p><strong>Drugi korak \u2013 definisanje dinami\u010dkog bloka<\/strong><\/p>\n<p>Na samom po\u010detku treba otvoriti AutoCAD fajl u kom se nalazi definisani objekat, koji \u017eelimo da pretvorimo u dinami\u010dki blok (slika br. 1). Dati objekat selektujemo i pretvorimo ga u blok, vode\u0107i ra\u010duna da nam bude \u010dekirano \u201eopen in block editor\u201c. Odabrani objekata \u0107e se pojaviti u novom prozoru, u kom nesmetano mo\u017eemo da vr\u0161imo editovanje na\u0161eg bloka, dodavaju\u0107i mu odre\u0111ene aktivnosti (slika br. 2)<\/p>\n<p><a href=\"https:\/\/www.arhns.uns.ac.rs\/givsf\/wp-content\/uploads\/2018\/04\/1.jpg\"><img loading=\"lazy\" decoding=\"async\" class=\"alignnone size-medium wp-image-7382\" src=\"https:\/\/www.arhns.uns.ac.rs\/givsf\/wp-content\/uploads\/2018\/04\/1-300x231.jpg\" alt=\"1\" width=\"300\" height=\"231\" srcset=\"https:\/\/www.arhns.uns.ac.rs\/givsf\/wp-content\/uploads\/2018\/04\/1-300x231.jpg 300w, https:\/\/www.arhns.uns.ac.rs\/givsf\/wp-content\/uploads\/2018\/04\/1-1024x788.jpg 1024w, https:\/\/www.arhns.uns.ac.rs\/givsf\/wp-content\/uploads\/2018\/04\/1.jpg 1279w\" sizes=\"auto, (max-width: 300px) 100vw, 300px\" \/><\/a>\u00a0 \u00a0 \u00a0 \u00a0 \u00a0<a href=\"https:\/\/www.arhns.uns.ac.rs\/givsf\/wp-content\/uploads\/2018\/04\/3.jpg\"><img loading=\"lazy\" decoding=\"async\" class=\"alignnone size-medium wp-image-7385\" src=\"https:\/\/www.arhns.uns.ac.rs\/givsf\/wp-content\/uploads\/2018\/04\/3-300x231.jpg\" alt=\"3\" width=\"300\" height=\"231\" srcset=\"https:\/\/www.arhns.uns.ac.rs\/givsf\/wp-content\/uploads\/2018\/04\/3-300x231.jpg 300w, https:\/\/www.arhns.uns.ac.rs\/givsf\/wp-content\/uploads\/2018\/04\/3-1024x789.jpg 1024w, https:\/\/www.arhns.uns.ac.rs\/givsf\/wp-content\/uploads\/2018\/04\/3.jpg 1279w\" sizes=\"auto, (max-width: 300px) 100vw, 300px\" \/><\/a><\/p>\n<p>Slika br. 1\u00a0 \u00a0 \u00a0 \u00a0 \u00a0 \u00a0 \u00a0 \u00a0 \u00a0 \u00a0 \u00a0 \u00a0 \u00a0 \u00a0 \u00a0 \u00a0 \u00a0 \u00a0 \u00a0 \u00a0 \u00a0 \u00a0 \u00a0 \u00a0 \u00a0 \u00a0 \u00a0 \u00a0 \u00a0 \u00a0 \u00a0 \u00a0 \u00a0 \u00a0 Slika br. 2<\/p>\n<p><strong>Tre\u0107i korak \u2013 dodavanje parametara<\/strong><\/p>\n<p>Pri otvaranju prozora za editovanje bloka, sa leve strane \u0107e se pojaviti niz komponenti koje predstavljaju odre\u0111ene parametre i akcije (slika br. 2). Parametrima i akcijama se defini\u0161u sve radnje kojima \u0107emo pobolj\u0161ati blok.<\/p>\n<p><strong>\u010cetvrti korak \u2013 priprema akcija<\/strong><\/p>\n<p>Odre\u0111eni parametri u okviru editovanja bloka ne zahtevaju akciju, to su poravnanje, vidljivost i bazna ta\u010dka. Ostali parametri zahtevaju definisanje akcije, jer je to jedini na\u010din na koji on funkcioni\u0161u. Akcija se uvek mora primeniti na prethodno definisani parametar, ne na odabrani objekat.<\/p>\n<p><strong>Prvi predmet istra\u017eivanja<\/strong> bio je sto sa telefonom na njemu. Kori\u0161\u0107ena komanda <strong>stretch <\/strong>(koja je prvo definisana kao parametaj, a zatim kao akcija), omogu\u0107ila mi je da nesmetano menjam dimenziju stola, s tim da polo\u017eaj telefona ostane isti (slika br. 3).<\/p>\n<p><a href=\"https:\/\/www.arhns.uns.ac.rs\/givsf\/wp-content\/uploads\/2018\/04\/10.jpg\"><img loading=\"lazy\" decoding=\"async\" class=\"alignnone size-medium wp-image-7402\" src=\"https:\/\/www.arhns.uns.ac.rs\/givsf\/wp-content\/uploads\/2018\/04\/10-300x231.jpg\" alt=\"10\" width=\"300\" height=\"231\" srcset=\"https:\/\/www.arhns.uns.ac.rs\/givsf\/wp-content\/uploads\/2018\/04\/10-300x231.jpg 300w, https:\/\/www.arhns.uns.ac.rs\/givsf\/wp-content\/uploads\/2018\/04\/10-1024x790.jpg 1024w, https:\/\/www.arhns.uns.ac.rs\/givsf\/wp-content\/uploads\/2018\/04\/10.jpg 1279w\" sizes=\"auto, (max-width: 300px) 100vw, 300px\" \/><\/a>\u00a0 \u00a0 \u00a0 \u00a0 \u00a0<a href=\"https:\/\/www.arhns.uns.ac.rs\/givsf\/wp-content\/uploads\/2018\/04\/111.jpg\"><img loading=\"lazy\" decoding=\"async\" class=\"alignnone size-medium wp-image-7403\" src=\"https:\/\/www.arhns.uns.ac.rs\/givsf\/wp-content\/uploads\/2018\/04\/111-300x230.jpg\" alt=\"11\" width=\"300\" height=\"230\" srcset=\"https:\/\/www.arhns.uns.ac.rs\/givsf\/wp-content\/uploads\/2018\/04\/111-300x230.jpg 300w, https:\/\/www.arhns.uns.ac.rs\/givsf\/wp-content\/uploads\/2018\/04\/111-1024x787.jpg 1024w, https:\/\/www.arhns.uns.ac.rs\/givsf\/wp-content\/uploads\/2018\/04\/111.jpg 1279w\" sizes=\"auto, (max-width: 300px) 100vw, 300px\" \/><\/a><\/p>\n<p>Slika br. 3 \u2013 Pre promene dimenzija stola\u00a0 \u00a0 \u00a0 \u00a0 \u00a0 \u00a0 \u00a0Posle promene dimenzije stola<\/p>\n<p><strong>Drugi predmet istra\u017eivanja<\/strong> bila su vrata. Modelovanje vrata u samom AutoCAD-u \u00a0je jednostavno. Ve\u0107i problem se javio prilikom definisanja parametara i akcija. Naime, definisanje parametara <strong>scale i move<\/strong> nisu zadavali muke, sem u slu\u010daju kada redosled zadavanja parametara i akcije nije bio adekvatan. Najve\u0107i problem se pojavio kada sam u okviru opcije scale definisala skalu rastojanja. Vertikalna osa dobijena opcijom <strong>flip <\/strong>nije pratila skalu pri skaliranju. Iz tih razloga bilo je neophodno povezati osu i sa komandom scale (slika br. 4).<\/p>\n<p><a href=\"https:\/\/www.arhns.uns.ac.rs\/givsf\/wp-content\/uploads\/2018\/04\/12.jpg\"><img loading=\"lazy\" decoding=\"async\" class=\"alignnone size-medium wp-image-7439\" src=\"https:\/\/www.arhns.uns.ac.rs\/givsf\/wp-content\/uploads\/2018\/04\/12-300x230.jpg\" alt=\"12\" width=\"300\" height=\"230\" srcset=\"https:\/\/www.arhns.uns.ac.rs\/givsf\/wp-content\/uploads\/2018\/04\/12-300x230.jpg 300w, https:\/\/www.arhns.uns.ac.rs\/givsf\/wp-content\/uploads\/2018\/04\/12-1024x787.jpg 1024w, https:\/\/www.arhns.uns.ac.rs\/givsf\/wp-content\/uploads\/2018\/04\/12.jpg 1279w\" sizes=\"auto, (max-width: 300px) 100vw, 300px\" \/><\/a><\/p>\n<p>Slika br. 4<\/p>\n<p>U slede\u0107oj fazi, odnosno poslednjoj fazi rada, sledi upotreba definisanog modela vrata u ovkiru velikog projekta sa ciljem definisanja utro\u0161enog vremena na primenu klasi\u010dnih blokovskih struktura i nove dinami\u010dke komponente.<\/p>\n","protected":false},"excerpt":{"rendered":"<p>Prvi korak posle definisanja objekta kojim \u017eelimo da se bavimo jeste upoznavanje sa alatkama koje \u0107emo koristiti pri formiranju dinami\u010dke komponente. Prvi korak \u2013 planiranje dinami\u010dkog bloka Na samom po\u010detku treba razmotriti \u0161ta \u017eelimo napraviti, odnosno u kolikoj meri blok \u017eelimo da pobolj\u0161amo, vode\u0107i ra\u010duna da dinami\u010dki blokovi fukcioni\u0161u po sistemu parametara kojima se zadaju&hellip; <a class=\"more-link\" href=\"https:\/\/www.arhns.uns.ac.rs\/givsf\/dynamic-components-autocad-ii-faza\/\">Continue reading <span class=\"screen-reader-text\">Dynamic components AutoCAD &#8211;  II faza<\/span><\/a><\/p>\n","protected":false},"author":270,"featured_media":0,"comment_status":"open","ping_status":"open","sticky":false,"template":"","format":"standard","meta":{"footnotes":""},"categories":[313],"tags":[],"coauthors":[321],"class_list":["post-7381","post","type-post","status-publish","format-standard","hentry","category-1718-radovi","entry"],"_links":{"self":[{"href":"https:\/\/www.arhns.uns.ac.rs\/givsf\/wp-json\/wp\/v2\/posts\/7381","targetHints":{"allow":["GET"]}}],"collection":[{"href":"https:\/\/www.arhns.uns.ac.rs\/givsf\/wp-json\/wp\/v2\/posts"}],"about":[{"href":"https:\/\/www.arhns.uns.ac.rs\/givsf\/wp-json\/wp\/v2\/types\/post"}],"author":[{"embeddable":true,"href":"https:\/\/www.arhns.uns.ac.rs\/givsf\/wp-json\/wp\/v2\/users\/270"}],"replies":[{"embeddable":true,"href":"https:\/\/www.arhns.uns.ac.rs\/givsf\/wp-json\/wp\/v2\/comments?post=7381"}],"version-history":[{"count":3,"href":"https:\/\/www.arhns.uns.ac.rs\/givsf\/wp-json\/wp\/v2\/posts\/7381\/revisions"}],"predecessor-version":[{"id":7531,"href":"https:\/\/www.arhns.uns.ac.rs\/givsf\/wp-json\/wp\/v2\/posts\/7381\/revisions\/7531"}],"wp:attachment":[{"href":"https:\/\/www.arhns.uns.ac.rs\/givsf\/wp-json\/wp\/v2\/media?parent=7381"}],"wp:term":[{"taxonomy":"category","embeddable":true,"href":"https:\/\/www.arhns.uns.ac.rs\/givsf\/wp-json\/wp\/v2\/categories?post=7381"},{"taxonomy":"post_tag","embeddable":true,"href":"https:\/\/www.arhns.uns.ac.rs\/givsf\/wp-json\/wp\/v2\/tags?post=7381"},{"taxonomy":"author","embeddable":true,"href":"https:\/\/www.arhns.uns.ac.rs\/givsf\/wp-json\/wp\/v2\/coauthors?post=7381"}],"curies":[{"name":"wp","href":"https:\/\/api.w.org\/{rel}","templated":true}]}}