{"id":7057,"date":"2018-03-30T13:49:58","date_gmt":"2018-03-30T12:49:58","guid":{"rendered":"https:\/\/www.arhns.uns.ac.rs\/givsf\/?p=7057"},"modified":"2018-04-01T20:35:01","modified_gmt":"2018-04-01T19:35:01","slug":"joinery-drveni-spojevi-namestaja-ii-faza","status":"publish","type":"post","link":"https:\/\/www.arhns.uns.ac.rs\/givsf\/joinery-drveni-spojevi-namestaja-ii-faza\/","title":{"rendered":"Joinery- Drveni spojevi name\u0161taja | II faza"},"content":{"rendered":"<p>Poku\u0161avaju\u0107i da veze drvenih elemenata iskoristimo kao inspiraciju za dizajn name\u0161taja, izabrale smo nekoliko primera koje smo razra\u0111ivale. Iz drvene veze tri elementa, spajamo tri ta\u010dke koje stvaraju povr\u0161. Dobijena povr\u0161 predstavlja\u0107e radni deo stola, a drvene gredice koje \u010dine vezu predstavlja\u0107e nose\u0107u konstrukciju stola.<\/p>\n<p><img loading=\"lazy\" decoding=\"async\" class=\"alignnone size-medium wp-image-7058\" src=\"https:\/\/www.arhns.uns.ac.rs\/givsf\/wp-content\/uploads\/2018\/03\/II-faza-2-300x145.jpg\" alt=\"II faza, 2\" width=\"300\" height=\"145\" srcset=\"https:\/\/www.arhns.uns.ac.rs\/givsf\/wp-content\/uploads\/2018\/03\/II-faza-2-300x145.jpg 300w, https:\/\/www.arhns.uns.ac.rs\/givsf\/wp-content\/uploads\/2018\/03\/II-faza-2-1024x495.jpg 1024w, https:\/\/www.arhns.uns.ac.rs\/givsf\/wp-content\/uploads\/2018\/03\/II-faza-2.jpg 1180w\" sizes=\"auto, (max-width: 300px) 100vw, 300px\" \/> <a href=\"https:\/\/www.arhns.uns.ac.rs\/givsf\/wp-content\/uploads\/2018\/03\/II-faza-3.jpg\"><img loading=\"lazy\" decoding=\"async\" class=\"alignnone size-medium wp-image-7059\" src=\"https:\/\/www.arhns.uns.ac.rs\/givsf\/wp-content\/uploads\/2018\/03\/II-faza-3-300x152.jpg\" alt=\"II faza, 3\" width=\"300\" height=\"152\" srcset=\"https:\/\/www.arhns.uns.ac.rs\/givsf\/wp-content\/uploads\/2018\/03\/II-faza-3-300x152.jpg 300w, https:\/\/www.arhns.uns.ac.rs\/givsf\/wp-content\/uploads\/2018\/03\/II-faza-3-1024x521.jpg 1024w, https:\/\/www.arhns.uns.ac.rs\/givsf\/wp-content\/uploads\/2018\/03\/II-faza-3.jpg 1100w\" sizes=\"auto, (max-width: 300px) 100vw, 300px\" \/><\/a> <a href=\"https:\/\/www.arhns.uns.ac.rs\/givsf\/wp-content\/uploads\/2018\/03\/II-faza-4.jpg\"><img loading=\"lazy\" decoding=\"async\" class=\"alignnone size-medium wp-image-7060\" src=\"https:\/\/www.arhns.uns.ac.rs\/givsf\/wp-content\/uploads\/2018\/03\/II-faza-4-300x217.jpg\" alt=\"II faza, 4\" width=\"300\" height=\"217\" srcset=\"https:\/\/www.arhns.uns.ac.rs\/givsf\/wp-content\/uploads\/2018\/03\/II-faza-4-300x217.jpg 300w, https:\/\/www.arhns.uns.ac.rs\/givsf\/wp-content\/uploads\/2018\/03\/II-faza-4.jpg 1008w\" sizes=\"auto, (max-width: 300px) 100vw, 300px\" \/><\/a> <a href=\"https:\/\/www.arhns.uns.ac.rs\/givsf\/wp-content\/uploads\/2018\/03\/II-faza.jpg\"><img loading=\"lazy\" decoding=\"async\" class=\"alignnone size-medium wp-image-7061\" src=\"https:\/\/www.arhns.uns.ac.rs\/givsf\/wp-content\/uploads\/2018\/03\/II-faza-300x163.jpg\" alt=\"II faza\" width=\"300\" height=\"163\" srcset=\"https:\/\/www.arhns.uns.ac.rs\/givsf\/wp-content\/uploads\/2018\/03\/II-faza-300x163.jpg 300w, https:\/\/www.arhns.uns.ac.rs\/givsf\/wp-content\/uploads\/2018\/03\/II-faza-1024x558.jpg 1024w, https:\/\/www.arhns.uns.ac.rs\/givsf\/wp-content\/uploads\/2018\/03\/II-faza.jpg 1166w\" sizes=\"auto, (max-width: 300px) 100vw, 300px\" \/><\/a><a href=\"https:\/\/www.arhns.uns.ac.rs\/givsf\/wp-content\/uploads\/2018\/03\/primer-faza-II-1.jpg\"><img loading=\"lazy\" decoding=\"async\" class=\"alignnone size-medium wp-image-7064\" src=\"https:\/\/www.arhns.uns.ac.rs\/givsf\/wp-content\/uploads\/2018\/03\/primer-faza-II-1-300x188.jpg\" alt=\"primer faza II (1)\" width=\"300\" height=\"188\" srcset=\"https:\/\/www.arhns.uns.ac.rs\/givsf\/wp-content\/uploads\/2018\/03\/primer-faza-II-1-300x188.jpg 300w, https:\/\/www.arhns.uns.ac.rs\/givsf\/wp-content\/uploads\/2018\/03\/primer-faza-II-1-1024x643.jpg 1024w, https:\/\/www.arhns.uns.ac.rs\/givsf\/wp-content\/uploads\/2018\/03\/primer-faza-II-1.jpg 1253w\" sizes=\"auto, (max-width: 300px) 100vw, 300px\" \/><\/a><\/p>\n","protected":false},"excerpt":{"rendered":"<p>Poku\u0161avaju\u0107i da veze drvenih elemenata iskoristimo kao inspiraciju za dizajn name\u0161taja, izabrale smo nekoliko primera koje smo razra\u0111ivale. Iz drvene veze tri elementa, spajamo tri ta\u010dke koje stvaraju povr\u0161. Dobijena povr\u0161 predstavlja\u0107e radni deo stola, a drvene gredice koje \u010dine vezu predstavlja\u0107e nose\u0107u konstrukciju stola.<\/p>\n","protected":false},"author":257,"featured_media":0,"comment_status":"open","ping_status":"open","sticky":false,"template":"","format":"standard","meta":{"footnotes":""},"categories":[313],"tags":[],"coauthors":[342,309],"class_list":["post-7057","post","type-post","status-publish","format-standard","hentry","category-1718-radovi","entry"],"_links":{"self":[{"href":"https:\/\/www.arhns.uns.ac.rs\/givsf\/wp-json\/wp\/v2\/posts\/7057","targetHints":{"allow":["GET"]}}],"collection":[{"href":"https:\/\/www.arhns.uns.ac.rs\/givsf\/wp-json\/wp\/v2\/posts"}],"about":[{"href":"https:\/\/www.arhns.uns.ac.rs\/givsf\/wp-json\/wp\/v2\/types\/post"}],"author":[{"embeddable":true,"href":"https:\/\/www.arhns.uns.ac.rs\/givsf\/wp-json\/wp\/v2\/users\/257"}],"replies":[{"embeddable":true,"href":"https:\/\/www.arhns.uns.ac.rs\/givsf\/wp-json\/wp\/v2\/comments?post=7057"}],"version-history":[{"count":1,"href":"https:\/\/www.arhns.uns.ac.rs\/givsf\/wp-json\/wp\/v2\/posts\/7057\/revisions"}],"predecessor-version":[{"id":7065,"href":"https:\/\/www.arhns.uns.ac.rs\/givsf\/wp-json\/wp\/v2\/posts\/7057\/revisions\/7065"}],"wp:attachment":[{"href":"https:\/\/www.arhns.uns.ac.rs\/givsf\/wp-json\/wp\/v2\/media?parent=7057"}],"wp:term":[{"taxonomy":"category","embeddable":true,"href":"https:\/\/www.arhns.uns.ac.rs\/givsf\/wp-json\/wp\/v2\/categories?post=7057"},{"taxonomy":"post_tag","embeddable":true,"href":"https:\/\/www.arhns.uns.ac.rs\/givsf\/wp-json\/wp\/v2\/tags?post=7057"},{"taxonomy":"author","embeddable":true,"href":"https:\/\/www.arhns.uns.ac.rs\/givsf\/wp-json\/wp\/v2\/coauthors?post=7057"}],"curies":[{"name":"wp","href":"https:\/\/api.w.org\/{rel}","templated":true}]}}