{"id":5605,"date":"2017-04-25T17:36:21","date_gmt":"2017-04-25T16:36:21","guid":{"rendered":"https:\/\/www.arhns.uns.ac.rs\/givsf\/?p=5605"},"modified":"2017-06-12T14:50:44","modified_gmt":"2017-06-12T13:50:44","slug":"stambena-jedinica-u-modulima","status":"publish","type":"post","link":"https:\/\/www.arhns.uns.ac.rs\/givsf\/stambena-jedinica-u-modulima\/","title":{"rendered":"Stambena jedinica u modulima (1\/3)"},"content":{"rendered":"<p>Istra\u017eivanje modularnog objekta koji bi zadovoljio \u0161iroku lepezu upotrebe. Cilj je bio stvoriti objekat koji je lak za izradu, transportovanje i kori\u0161\u0107enje. Dimenzija modula je 3x3x3m. Zami\u0161ljeno je da moduli budu izra\u0111eni od lakih kompozitnih materijala, sklopivi i jednostavni za sastavljanje.<\/p>\n<p>Inspiracija:<\/p>\n<p><a href=\"https:\/\/www.arhns.uns.ac.rs\/givsf\/wp-content\/uploads\/2017\/04\/Kiosk-K67-08-630x456.jpg\"><img loading=\"lazy\" decoding=\"async\" class=\"alignnone size-medium wp-image-5651\" src=\"https:\/\/www.arhns.uns.ac.rs\/givsf\/wp-content\/uploads\/2017\/04\/Kiosk-K67-08-630x456-300x217.jpg\" alt=\"Kiosk-K67-08-630x456\" width=\"300\" height=\"217\" srcset=\"https:\/\/www.arhns.uns.ac.rs\/givsf\/wp-content\/uploads\/2017\/04\/Kiosk-K67-08-630x456-300x217.jpg 300w, https:\/\/www.arhns.uns.ac.rs\/givsf\/wp-content\/uploads\/2017\/04\/Kiosk-K67-08-630x456.jpg 630w\" sizes=\"auto, (max-width: 300px) 100vw, 300px\" \/><\/a><a href=\"https:\/\/www.arhns.uns.ac.rs\/givsf\/wp-content\/uploads\/2017\/04\/Inspiracija.jpg\"><img loading=\"lazy\" decoding=\"async\" class=\"alignnone size-medium wp-image-5652\" src=\"https:\/\/www.arhns.uns.ac.rs\/givsf\/wp-content\/uploads\/2017\/04\/Inspiracija-300x168.jpg\" alt=\"Inspiracija\" width=\"300\" height=\"168\" srcset=\"https:\/\/www.arhns.uns.ac.rs\/givsf\/wp-content\/uploads\/2017\/04\/Inspiracija-300x168.jpg 300w, https:\/\/www.arhns.uns.ac.rs\/givsf\/wp-content\/uploads\/2017\/04\/Inspiracija.jpg 638w\" sizes=\"auto, (max-width: 300px) 100vw, 300px\" \/><\/a><\/p>\n<p>&nbsp;<\/p>\n","protected":false},"excerpt":{"rendered":"<p>Istra\u017eivanje modularnog objekta koji bi zadovoljio \u0161iroku lepezu upotrebe. Cilj je bio stvoriti objekat koji je lak za izradu, transportovanje i kori\u0161\u0107enje. Dimenzija modula je 3x3x3m. Zami\u0161ljeno je da moduli budu izra\u0111eni od lakih kompozitnih materijala, sklopivi i jednostavni za sastavljanje. Inspiracija: &nbsp;<\/p>\n","protected":false},"author":252,"featured_media":0,"comment_status":"open","ping_status":"open","sticky":false,"template":"","format":"standard","meta":{"footnotes":""},"categories":[287],"tags":[],"coauthors":[290],"class_list":["post-5605","post","type-post","status-publish","format-standard","hentry","category-1617-radovi","entry"],"_links":{"self":[{"href":"https:\/\/www.arhns.uns.ac.rs\/givsf\/wp-json\/wp\/v2\/posts\/5605","targetHints":{"allow":["GET"]}}],"collection":[{"href":"https:\/\/www.arhns.uns.ac.rs\/givsf\/wp-json\/wp\/v2\/posts"}],"about":[{"href":"https:\/\/www.arhns.uns.ac.rs\/givsf\/wp-json\/wp\/v2\/types\/post"}],"author":[{"embeddable":true,"href":"https:\/\/www.arhns.uns.ac.rs\/givsf\/wp-json\/wp\/v2\/users\/252"}],"replies":[{"embeddable":true,"href":"https:\/\/www.arhns.uns.ac.rs\/givsf\/wp-json\/wp\/v2\/comments?post=5605"}],"version-history":[{"count":6,"href":"https:\/\/www.arhns.uns.ac.rs\/givsf\/wp-json\/wp\/v2\/posts\/5605\/revisions"}],"predecessor-version":[{"id":6153,"href":"https:\/\/www.arhns.uns.ac.rs\/givsf\/wp-json\/wp\/v2\/posts\/5605\/revisions\/6153"}],"wp:attachment":[{"href":"https:\/\/www.arhns.uns.ac.rs\/givsf\/wp-json\/wp\/v2\/media?parent=5605"}],"wp:term":[{"taxonomy":"category","embeddable":true,"href":"https:\/\/www.arhns.uns.ac.rs\/givsf\/wp-json\/wp\/v2\/categories?post=5605"},{"taxonomy":"post_tag","embeddable":true,"href":"https:\/\/www.arhns.uns.ac.rs\/givsf\/wp-json\/wp\/v2\/tags?post=5605"},{"taxonomy":"author","embeddable":true,"href":"https:\/\/www.arhns.uns.ac.rs\/givsf\/wp-json\/wp\/v2\/coauthors?post=5605"}],"curies":[{"name":"wp","href":"https:\/\/api.w.org\/{rel}","templated":true}]}}