{"id":3791,"date":"2015-09-08T00:29:05","date_gmt":"2015-09-07T23:29:05","guid":{"rendered":"https:\/\/www.arhns.uns.ac.rs\/givsf\/?p=3791"},"modified":"2015-09-08T00:29:05","modified_gmt":"2015-09-07T23:29:05","slug":"fasada-univerzitetske-biblioteke-u-novom-sadu","status":"publish","type":"post","link":"https:\/\/www.arhns.uns.ac.rs\/givsf\/fasada-univerzitetske-biblioteke-u-novom-sadu\/","title":{"rendered":"Fasada Univerzitetske biblioteke u Novom Sadu"},"content":{"rendered":"<p>Koncept same biblioteke je usko povezan sa insolacijom enetrijera istog kao i istra\u017eivanje odre\u0111enih volumena koji se me\u0111usobno razlikuju po osvetljenosti.\u00a0 Kao sredstvo sa kojim \u0107e se poku\u0161ati re\u0161iti mnoge teme, poput konceptualne, kontekstne i estetske, je izabrana\u00a0 fasada biblioteke, ta\u010dnije, brisoleji.<br \/>\nU samom istra\u017eivanju bilo je neophodno opredeliti se za specifi\u010dnu funkciju fasade i pravac u kojem \u0107e se i\u0107i u istra\u017eivanje. Od mnogih funkcija poput polo\u017eaj Sunca u zavisnosti od godi\u0161njih doba ili namena prostorije, izabrana je dubina, tj. povr\u0161ina prostorije.<br \/>\nPovr\u0161ina prostorije je bila najbolji izbor iz razloga \u0161to je taj problem re\u0161avao nekoliko problema poput namene, vizure i uklopljivost sa okru\u017eenjem (prirodnim i ve\u0161ta\u010dkim).<br \/>\nCilj je bio da se na najefikasniji i najprostiji na\u010din postavi perforacija tako da prostor koji je bli\u017ei prozorima bude osvetljen za duplo u odnosu na prostor koji se nalazi bli\u017ee zidovima koji je, u normalnim uslovima, direktno osvetljen Suncem.<br \/>\nPerforacija je u obliku horizontalnih brisoleja da bi se objekat interpolirao sa susednom zgradom rektorata Novosadskog Univerziteta i pru\u017eio vizuru na Studentski park i Petrovaradinsku tvr\u0111avu. Me\u0111utim, za razliku od pokretnih brisoleja na zgradi rektorata, brisoleji na biblioteci su stati\u010dni.<br \/>\nU Rhino-u i Grasshopper-u je re\u0161en ovaj problem i utvr\u0111eno je da su promene na brisolejima minimalne i varijacije brisoleja su raspodeljene u dve velike grupe, samim tim je estetika neuravnote\u017eena, tj. nepostoje\u0107a.<br \/>\nPostoji mogu\u0107nost da se ve\u0161ta\u010dki postigne ja\u010da estetika perforacije npr. nagla\u0161avanjem parametara ali bi to bilo skretanje sa teme i pribli\u017eavanje ka potpunom formalizmu.<br \/>\nDa bi ta parametarska fasada dobila funkciju iz koje bi proiza\u0161la prava, \u010dista estetika neophodno je ubaciti brojne faktore u istra\u017eivanje, poput polo\u017eaj Sunca u zavisnosti od godi\u0161njih doba, fleksibilnost brisoleja, podela prostora po insolovanim volumenima, mogu\u0107nost otvaranje fasade tj. vizura itd.<br \/>\nPretpostavka je da \u0161to vi\u0161e faktora tj. problema otvara mogu\u0107nost ka pravoj, spontanoj, \u010di\u0161\u0107oj estetici i dubljem smislu kori\u0161\u0107enja parametarskog projektovanja a da nije \u010disto formalisti\u010dki.<br \/>\n<a href=\"https:\/\/www.arhns.uns.ac.rs\/givsf\/wp-content\/uploads\/2015\/09\/GRasshopper-1.jpg\"><img loading=\"lazy\" decoding=\"async\" class=\"alignnone  wp-image-3792\" src=\"https:\/\/www.arhns.uns.ac.rs\/givsf\/wp-content\/uploads\/2015\/09\/GRasshopper-1-300x212.jpg\" alt=\"GRasshopper 1\" width=\"607\" height=\"429\" srcset=\"https:\/\/www.arhns.uns.ac.rs\/givsf\/wp-content\/uploads\/2015\/09\/GRasshopper-1-300x212.jpg 300w, https:\/\/www.arhns.uns.ac.rs\/givsf\/wp-content\/uploads\/2015\/09\/GRasshopper-1-1024x724.jpg 1024w\" sizes=\"auto, (max-width: 607px) 100vw, 607px\" \/><\/a><\/p>\n<p><a href=\"https:\/\/www.arhns.uns.ac.rs\/givsf\/wp-content\/uploads\/2015\/09\/1.jpg\"><img loading=\"lazy\" decoding=\"async\" class=\"alignnone  wp-image-3793\" src=\"https:\/\/www.arhns.uns.ac.rs\/givsf\/wp-content\/uploads\/2015\/09\/1-300x225.jpg\" alt=\"1\" width=\"597\" height=\"448\" srcset=\"https:\/\/www.arhns.uns.ac.rs\/givsf\/wp-content\/uploads\/2015\/09\/1-300x225.jpg 300w, https:\/\/www.arhns.uns.ac.rs\/givsf\/wp-content\/uploads\/2015\/09\/1-1024x768.jpg 1024w\" sizes=\"auto, (max-width: 597px) 100vw, 597px\" \/><\/a><\/p>\n","protected":false},"excerpt":{"rendered":"<p>Koncept same biblioteke je usko povezan sa insolacijom enetrijera istog kao i istra\u017eivanje odre\u0111enih volumena koji se me\u0111usobno razlikuju po osvetljenosti.\u00a0 Kao sredstvo sa kojim \u0107e se poku\u0161ati re\u0161iti mnoge teme, poput konceptualne, kontekstne i estetske, je izabrana\u00a0 fasada biblioteke, ta\u010dnije, brisoleji. U samom istra\u017eivanju bilo je neophodno opredeliti se za specifi\u010dnu funkciju fasade i&hellip; <a class=\"more-link\" href=\"https:\/\/www.arhns.uns.ac.rs\/givsf\/fasada-univerzitetske-biblioteke-u-novom-sadu\/\">Continue reading <span class=\"screen-reader-text\">Fasada Univerzitetske biblioteke u Novom Sadu<\/span><\/a><\/p>\n","protected":false},"author":143,"featured_media":0,"comment_status":"open","ping_status":"open","sticky":false,"template":"","format":"standard","meta":{"footnotes":""},"categories":[10],"tags":[],"coauthors":[],"class_list":["post-3791","post","type-post","status-publish","format-standard","hentry","category-radovi","entry"],"_links":{"self":[{"href":"https:\/\/www.arhns.uns.ac.rs\/givsf\/wp-json\/wp\/v2\/posts\/3791","targetHints":{"allow":["GET"]}}],"collection":[{"href":"https:\/\/www.arhns.uns.ac.rs\/givsf\/wp-json\/wp\/v2\/posts"}],"about":[{"href":"https:\/\/www.arhns.uns.ac.rs\/givsf\/wp-json\/wp\/v2\/types\/post"}],"author":[{"embeddable":true,"href":"https:\/\/www.arhns.uns.ac.rs\/givsf\/wp-json\/wp\/v2\/users\/143"}],"replies":[{"embeddable":true,"href":"https:\/\/www.arhns.uns.ac.rs\/givsf\/wp-json\/wp\/v2\/comments?post=3791"}],"version-history":[{"count":1,"href":"https:\/\/www.arhns.uns.ac.rs\/givsf\/wp-json\/wp\/v2\/posts\/3791\/revisions"}],"predecessor-version":[{"id":3794,"href":"https:\/\/www.arhns.uns.ac.rs\/givsf\/wp-json\/wp\/v2\/posts\/3791\/revisions\/3794"}],"wp:attachment":[{"href":"https:\/\/www.arhns.uns.ac.rs\/givsf\/wp-json\/wp\/v2\/media?parent=3791"}],"wp:term":[{"taxonomy":"category","embeddable":true,"href":"https:\/\/www.arhns.uns.ac.rs\/givsf\/wp-json\/wp\/v2\/categories?post=3791"},{"taxonomy":"post_tag","embeddable":true,"href":"https:\/\/www.arhns.uns.ac.rs\/givsf\/wp-json\/wp\/v2\/tags?post=3791"},{"taxonomy":"author","embeddable":true,"href":"https:\/\/www.arhns.uns.ac.rs\/givsf\/wp-json\/wp\/v2\/coauthors?post=3791"}],"curies":[{"name":"wp","href":"https:\/\/api.w.org\/{rel}","templated":true}]}}