{"id":3342,"date":"2015-03-30T12:44:25","date_gmt":"2015-03-30T11:44:25","guid":{"rendered":"http:\/\/www.arhns.com\/givsf\/?p=3342"},"modified":"2015-06-23T11:49:08","modified_gmt":"2015-06-23T10:49:08","slug":"modelovanje-nadstresnice-porsche-paviljona-2","status":"publish","type":"post","link":"https:\/\/www.arhns.uns.ac.rs\/givsf\/modelovanje-nadstresnice-porsche-paviljona-2\/","title":{"rendered":"Modelovanje nadstre\u0161nice Porsche paviljona"},"content":{"rendered":"<p>U prilogu se nalaze fotografije izvedenog projekta Porsche paviljona u Volfsburgu i istra\u017eiva\u010dke makete paviljona dr Bojana Tepav\u010devi\u0107a. Glavna zamisao je kombinovanje forme Porsche paviljona i konstrukcije pomenute istra\u017eiva\u010dke makete.<\/p>\n<p><a href=\"https:\/\/www.arhns.uns.ac.rs\/givsf\/wp-content\/uploads\/2015\/03\/DSC_76951.jpg\"><img loading=\"lazy\" decoding=\"async\" class=\"alignnone  wp-image-3343\" src=\"https:\/\/www.arhns.uns.ac.rs\/givsf\/wp-content\/uploads\/2015\/03\/DSC_76951-300x221.jpg\" alt=\"DSC_7695\" width=\"289\" height=\"213\" srcset=\"https:\/\/www.arhns.uns.ac.rs\/givsf\/wp-content\/uploads\/2015\/03\/DSC_76951-300x221.jpg 300w, https:\/\/www.arhns.uns.ac.rs\/givsf\/wp-content\/uploads\/2015\/03\/DSC_76951-1024x755.jpg 1024w, https:\/\/www.arhns.uns.ac.rs\/givsf\/wp-content\/uploads\/2015\/03\/DSC_76951.jpg 1200w\" sizes=\"auto, (max-width: 289px) 100vw, 289px\" \/><\/a> <a href=\"https:\/\/www.arhns.uns.ac.rs\/givsf\/wp-content\/uploads\/2015\/03\/porsche_pavilion_011.jpg\"><img loading=\"lazy\" decoding=\"async\" class=\"alignnone  wp-image-3344\" src=\"https:\/\/www.arhns.uns.ac.rs\/givsf\/wp-content\/uploads\/2015\/03\/porsche_pavilion_011-300x200.jpg\" alt=\"porsche_pavilion_01\" width=\"318\" height=\"212\" srcset=\"https:\/\/www.arhns.uns.ac.rs\/givsf\/wp-content\/uploads\/2015\/03\/porsche_pavilion_011-300x200.jpg 300w, https:\/\/www.arhns.uns.ac.rs\/givsf\/wp-content\/uploads\/2015\/03\/porsche_pavilion_011-1024x682.jpg 1024w, https:\/\/www.arhns.uns.ac.rs\/givsf\/wp-content\/uploads\/2015\/03\/porsche_pavilion_011.jpg 1500w\" sizes=\"auto, (max-width: 318px) 100vw, 318px\" \/><\/a><\/p>\n","protected":false},"excerpt":{"rendered":"<p>U prilogu se nalaze fotografije izvedenog projekta Porsche paviljona u Volfsburgu i istra\u017eiva\u010dke makete paviljona dr Bojana Tepav\u010devi\u0107a. Glavna zamisao je kombinovanje forme Porsche paviljona i konstrukcije pomenute istra\u017eiva\u010dke makete.<\/p>\n","protected":false},"author":128,"featured_media":0,"comment_status":"open","ping_status":"open","sticky":false,"template":"","format":"standard","meta":{"footnotes":""},"categories":[10],"tags":[],"coauthors":[159,158],"class_list":["post-3342","post","type-post","status-publish","format-standard","hentry","category-radovi","entry"],"_links":{"self":[{"href":"https:\/\/www.arhns.uns.ac.rs\/givsf\/wp-json\/wp\/v2\/posts\/3342","targetHints":{"allow":["GET"]}}],"collection":[{"href":"https:\/\/www.arhns.uns.ac.rs\/givsf\/wp-json\/wp\/v2\/posts"}],"about":[{"href":"https:\/\/www.arhns.uns.ac.rs\/givsf\/wp-json\/wp\/v2\/types\/post"}],"author":[{"embeddable":true,"href":"https:\/\/www.arhns.uns.ac.rs\/givsf\/wp-json\/wp\/v2\/users\/128"}],"replies":[{"embeddable":true,"href":"https:\/\/www.arhns.uns.ac.rs\/givsf\/wp-json\/wp\/v2\/comments?post=3342"}],"version-history":[{"count":2,"href":"https:\/\/www.arhns.uns.ac.rs\/givsf\/wp-json\/wp\/v2\/posts\/3342\/revisions"}],"predecessor-version":[{"id":3616,"href":"https:\/\/www.arhns.uns.ac.rs\/givsf\/wp-json\/wp\/v2\/posts\/3342\/revisions\/3616"}],"wp:attachment":[{"href":"https:\/\/www.arhns.uns.ac.rs\/givsf\/wp-json\/wp\/v2\/media?parent=3342"}],"wp:term":[{"taxonomy":"category","embeddable":true,"href":"https:\/\/www.arhns.uns.ac.rs\/givsf\/wp-json\/wp\/v2\/categories?post=3342"},{"taxonomy":"post_tag","embeddable":true,"href":"https:\/\/www.arhns.uns.ac.rs\/givsf\/wp-json\/wp\/v2\/tags?post=3342"},{"taxonomy":"author","embeddable":true,"href":"https:\/\/www.arhns.uns.ac.rs\/givsf\/wp-json\/wp\/v2\/coauthors?post=3342"}],"curies":[{"name":"wp","href":"https:\/\/api.w.org\/{rel}","templated":true}]}}