{"id":24370,"date":"2025-11-19T16:14:16","date_gmt":"2025-11-19T15:14:16","guid":{"rendered":"https:\/\/www.arhns.uns.ac.rs\/givsf\/?p=24370"},"modified":"2025-11-19T16:15:50","modified_gmt":"2025-11-19T15:15:50","slug":"modularni-sistem-stambenih-jedinica-formiranje-kompozicije-kroz-modularne-prostorne-jedinice","status":"publish","type":"post","link":"https:\/\/www.arhns.uns.ac.rs\/givsf\/modularni-sistem-stambenih-jedinica-formiranje-kompozicije-kroz-modularne-prostorne-jedinice\/","title":{"rendered":"Modularni sistem stambenih jedinica \u2013 formiranje kompozicije kroz modularne prostorne jedinice"},"content":{"rendered":"\n<p><strong>Oblast istra\u017eivanja:<\/strong><\/p>\n\n\n\n<p>Projektovanje stambenih jedinica primenom modularne gradnje.<\/p>\n\n\n\n<p><strong>Tema istra\u017eivanja:<\/strong><\/p>\n\n\n\n<p>Razvoj fleksibilnih stambenih jedinica zasnovan na me\u0111usobno prilagodljivim modulima koji omogu\u0107avaju formiranje personalizovanih prostora u skladu sa potrebama korisnika.<\/p>\n\n\n\n<p><strong>Stanje u oblasti:<\/strong><\/p>\n\n\n\n<p>Na tr\u017ei\u0161tu postoje ku\u0107e koje nose naziv \u201emodularne\u201c i predstavljene su kao fleksibilna re\u0161enja, me\u0111utim u praksi su stvari druga\u010dije. Modularne ku\u0107e su unapred isprojektovane i dostupne kao gotovi modeli koji nisu u potpunosti prilagodljivi i ograni\u010deno je njihovo menjanje. Ovakvi sistemi pru\u017eaju brzu izgradnju, ali ne omogu\u0107avaju investitorima da aktivno u\u010destvuju u kreiranju sopstvenih stambenih prostora. Rezultat ovakve gradnje predstavljaju ku\u0107e koje su \u010desto jednoli\u010dne bez zna\u010dajnijeg funkcionalnog prilago\u0111avanja.<\/p>\n\n\n\n<p><strong>Problemi:<\/strong><\/p>\n\n\n\n<ul class=\"wp-block-list\">\n<li>Ograni\u010dena mogu\u0107nost individualizacije modularnih ku\u0107a uprkos njihovom \u201emodularnom\u201c nazivu.<\/li>\n\n\n\n<li>Manjak modula koji mogu da se kombinuju na vi\u0161e na\u010dina, kao i komunikacionih modula koji spajaju razli\u010dite funkcije.<\/li>\n\n\n\n<li>Dominacija unapred projektovanih re\u0161enja bez fleksibilnosti u rasporedu prostorija.<\/li>\n\n\n\n<li>Neuskla\u0111enost potreba klijenata sa proizvodima koji su dostupni na tr\u017ei\u0161tu.<\/li>\n<\/ul>\n\n\n\n<p><strong>Cilj:<\/strong><\/p>\n\n\n\n<p>Razviti sistem modularnih ku\u0107a zasnovan na manjim modulima sa jasno definisanim funkcijama \u2013 dnevni, kuhinjski, spava\u0107i, sanitarni i pomo\u0107ni modul koji \u0107e se spajati poput \u201elego kocki\u201c. Dimenzije formiranih modula omogu\u0107avale bi lako uklapanje i kombinovanje, a time bi se postiglo kreiranje potpuno personalizovanih stambenih re\u0161enja.<\/p>\n\n\n\n<p><strong>Hipoteza:<\/strong><\/p>\n\n\n\n<p>Uvo\u0111enjem standardizovanih i me\u0111usobno kompatibilnih modula dimenzije od najmanje 150x150cm, mogu\u0107e je posti\u0107i ve\u0107u fleksibilnost, individualizaciju kao i estetsku raznovrsnost u pore\u0111enju sa postoje\u0107im sistemima koji se zasnivaju na unapred isprojektovanim celinama.<\/p>\n\n\n\n<p><strong>Kriterijumi:<\/strong><\/p>\n\n\n\n<ul class=\"wp-block-list\">\n<li>Kompatibilnost osnovnih modula u horizontalnom i vertikalnom sklopu.<\/li>\n\n\n\n<li>Jasno odre\u0111ena funkcija svakog tipa modula.<\/li>\n\n\n\n<li>Mogu\u0107nost kreiranja razli\u010ditih tipova stambenih jedinica iz ograni\u010denog broja modula.<\/li>\n\n\n\n<li>Estetska raznovrsnost postignuta razli\u010ditim kombinovanjem modula.<\/li>\n\n\n\n<li>Prilagodljivost potrebama investitora.<\/li>\n<\/ul>\n\n\n\n<p><strong>Metoda:<\/strong><\/p>\n\n\n\n<p>Metoda se zasniva na analizi postoje\u0107ih modela sa stanovi\u0161ta funkcionalne prilagodljivosti potrebama klijenta i razvoju sopstvenih konceptualnih modela putem osnova i 3D prikaza. Testiranje kompatibilnosti modula kroz razli\u010dite prostorne kombinacije.<\/p>\n\n\n\n<p><\/p>\n","protected":false},"excerpt":{"rendered":"<p>Oblast istra\u017eivanja: Projektovanje stambenih jedinica primenom modularne gradnje. Tema istra\u017eivanja: Razvoj fleksibilnih stambenih jedinica zasnovan na me\u0111usobno prilagodljivim modulima koji omogu\u0107avaju formiranje personalizovanih prostora u skladu sa potrebama korisnika. Stanje u oblasti: Na tr\u017ei\u0161tu postoje ku\u0107e koje nose naziv \u201emodularne\u201c i predstavljene su kao fleksibilna re\u0161enja, me\u0111utim u praksi su stvari druga\u010dije. Modularne ku\u0107e su&hellip; <a class=\"more-link\" href=\"https:\/\/www.arhns.uns.ac.rs\/givsf\/modularni-sistem-stambenih-jedinica-formiranje-kompozicije-kroz-modularne-prostorne-jedinice\/\">Continue reading <span class=\"screen-reader-text\">Modularni sistem stambenih jedinica \u2013 formiranje kompozicije kroz modularne prostorne jedinice<\/span><\/a><\/p>\n","protected":false},"author":714,"featured_media":24373,"comment_status":"open","ping_status":"open","sticky":false,"template":"","format":"standard","meta":{"footnotes":""},"categories":[1],"tags":[],"coauthors":[710],"class_list":["post-24370","post","type-post","status-publish","format-standard","has-post-thumbnail","hentry","category-opste","entry"],"_links":{"self":[{"href":"https:\/\/www.arhns.uns.ac.rs\/givsf\/wp-json\/wp\/v2\/posts\/24370","targetHints":{"allow":["GET"]}}],"collection":[{"href":"https:\/\/www.arhns.uns.ac.rs\/givsf\/wp-json\/wp\/v2\/posts"}],"about":[{"href":"https:\/\/www.arhns.uns.ac.rs\/givsf\/wp-json\/wp\/v2\/types\/post"}],"author":[{"embeddable":true,"href":"https:\/\/www.arhns.uns.ac.rs\/givsf\/wp-json\/wp\/v2\/users\/714"}],"replies":[{"embeddable":true,"href":"https:\/\/www.arhns.uns.ac.rs\/givsf\/wp-json\/wp\/v2\/comments?post=24370"}],"version-history":[{"count":1,"href":"https:\/\/www.arhns.uns.ac.rs\/givsf\/wp-json\/wp\/v2\/posts\/24370\/revisions"}],"predecessor-version":[{"id":24372,"href":"https:\/\/www.arhns.uns.ac.rs\/givsf\/wp-json\/wp\/v2\/posts\/24370\/revisions\/24372"}],"wp:featuredmedia":[{"embeddable":true,"href":"https:\/\/www.arhns.uns.ac.rs\/givsf\/wp-json\/wp\/v2\/media\/24373"}],"wp:attachment":[{"href":"https:\/\/www.arhns.uns.ac.rs\/givsf\/wp-json\/wp\/v2\/media?parent=24370"}],"wp:term":[{"taxonomy":"category","embeddable":true,"href":"https:\/\/www.arhns.uns.ac.rs\/givsf\/wp-json\/wp\/v2\/categories?post=24370"},{"taxonomy":"post_tag","embeddable":true,"href":"https:\/\/www.arhns.uns.ac.rs\/givsf\/wp-json\/wp\/v2\/tags?post=24370"},{"taxonomy":"author","embeddable":true,"href":"https:\/\/www.arhns.uns.ac.rs\/givsf\/wp-json\/wp\/v2\/coauthors?post=24370"}],"curies":[{"name":"wp","href":"https:\/\/api.w.org\/{rel}","templated":true}]}}