{"id":24262,"date":"2025-11-09T16:51:43","date_gmt":"2025-11-09T15:51:43","guid":{"rendered":"https:\/\/www.arhns.uns.ac.rs\/givsf\/?p=24262"},"modified":"2025-11-10T13:37:47","modified_gmt":"2025-11-10T12:37:47","slug":"evaluacija-uticaja-adaptivnog-enterijera-na-emocije-korisnika","status":"publish","type":"post","link":"https:\/\/www.arhns.uns.ac.rs\/givsf\/evaluacija-uticaja-adaptivnog-enterijera-na-emocije-korisnika\/","title":{"rendered":"EVALUACIJA UTICAJA ADAPTIVNOG ENTERIJERA NA EMOCIJE KORISNIKA"},"content":{"rendered":"\n<p id=\"block-c4d2fd23-c7fd-48c1-928c-0c96be6f5b69\">OBLAST ISTRA\u017dIVANJA:<\/p>\n\n\n\n<p id=\"block-3960585a-3825-4a5c-8c7a-dc33eaf99261\">\u0160ira oblast koja obuhvata temu jeste dizajn enterijera i emocionalni do\u017eivljaj prostora. Obuhvata prou\u010davanje kako razli\u010diti prostorni, vizuelni i ambijentalni faktori uti\u010du na psiholo\u0161ki i emocionalni odgovor korisniku.<\/p>\n\n\n\n<p id=\"block-bacdcb5b-75a5-4930-87a8-d252bd0e4d96\">TEMA ISTRA\u017dIVANJA:<\/p>\n\n\n\n<p>\u0160ira oblast koja obuhvata temu  jeste dizajn enterijera i emocionalni do\u017eivljaj prostora. Obuhvata prou\u010davanje kako razli\u010diti prostorni, vizuelni i ambijentalni faktori uti\u010du na psiholo\u0161ki i emocionalni odgovor korisniku. <\/p>\n\n\n\n<p>TEMA ISTRA\u017dIVANJA:<\/p>\n\n\n\n<p>Postoje istra\u017eivanja i tehnologije koje adaptiraju prostor prema emocijama, ali nema dovoljno dokaza o tome kako takvi adaptivni prostori zaista uti\u010du na emociju korisnika. Tema ne govori samo o tehni\u010dkoj adaptivnosti( svjetlo, zvuk, temperatura), ve\u0107 o tome kako ljudi emocionalno reaguju na takve prostorne promjene.<\/p>\n\n\n\n<p>STANJE U OBLASTI:<\/p>\n\n\n\n<p>Ve\u0107ina postoje\u0107ih sistema detektuje emocije i mjenja enterijer ( svjetlo, zvuk, temperatura), ali ne mjeri stvarni uticaj na korisnika. Postoji rastu\u0107e interesovanje za emocionalni dizajn i adaptivne prostore, ali ve\u0107ina istra\u017eivanja koristi laboratorijske uslove ili prave enterijere, a vrlo malo ih ispituje vizuelne reakcije korisnika na 3d prikaze prostora.<\/p>\n\n\n\n<p>PROBLEM ISTRA\u017dIVANJA:<\/p>\n\n\n\n<p>Kako vizuelne karakteristike adaptivnog interijera( osvjetljenje, boje, materijali, atmosfera) uti\u010du na emocionalni do\u017eivljaj korisnika kada se prostor prezentuje putem 3d modela. <\/p>\n\n\n\n<p>CILJ ISTRA\u017dIVANJA:<\/p>\n\n\n\n<p>Cilj istra\u017eivanja je da se ispita na koji na\u010din i u kom stepenu razli\u010diti tipovi adaptivnih enterijera( tamni, svijetli, neutralni) uti\u010du na emocije i percepciju prijatnosti korisnika, posmatrano kroz 3d prikaze.<\/p>\n\n\n\n<p>Dodatni ciljevi:<\/p>\n\n\n\n<ul class=\"wp-block-list\">\n<li>definisati koji prostorni element najvise doprinosi pozitivnim emocijama;<\/li>\n\n\n\n<li>i kreirati smjernice za emocionalno inteligentan dizajn prostora;\n<ul class=\"wp-block-list\">\n<li>prona\u0107i idealan balans izme\u0111u dizajna i emocinalne reakcije;<\/li>\n<\/ul>\n<\/li>\n<\/ul>\n\n\n\n<p>HIPOTEZA ISTRA\u017dIVANJA:<\/p>\n\n\n\n<p>H1: Svjetli i otvoreni prostori izazivaju pozitivnije emocije( mir, zadovoljstvo, energiju) od tamnih i zatvorenih prostora.<\/p>\n\n\n\n<p>H2: Vizuelno adaptivni enterijer omogu\u0107ava korisnicima ve\u0107i osje\u0107aj kontrole i prijatnost u prostoru.<\/p>\n\n\n\n<p>KRITERIJUMI ZA PROVJERU CILJA:<\/p>\n\n\n\n<p>Da bi se provjerilo da li je cilj ostvaren, mjeri se:<\/p>\n\n\n\n<ul class=\"wp-block-list\">\n<li>subjektivni do\u017eivljaj emocija posmatra\u010da ( anketom ili upitnikom),<\/li>\n\n\n\n<li>prosje\u010dna ocjena prijatnosti, smirenosti, energije i zadovoljstva za svaki prikazani prostor,<\/li>\n\n\n\n<li>statisti\u010dka razlika izme\u0111u ocjena za tamni, svjetli i neutralni enterijer.<\/li>\n<\/ul>\n\n\n\n<p>METODA ISTRA\u017dIVANJA:<\/p>\n\n\n\n<ul class=\"wp-block-list\">\n<li>Empirijska metoda: u\u010desnici posmatraju 3 renderovana enterijera i ocjenjuju svoj emocionalni do\u017eivljaj.<\/li>\n\n\n\n<li>Anketna metoda: Likert skale ili SAM ( Self Assessment Manikin) za mjerenje emocija.<\/li>\n\n\n\n<li>Kvantitativna analiza: statisti\u010dka obrada prosje\u010dnih ocjena.<\/li>\n\n\n\n<li>Kvalitativna analiza: komentari ispitanika o atmosferi prostora.<\/li>\n<\/ul>\n\n\n\n<figure class=\"wp-block-image size-full is-resized\"><a href=\"https:\/\/www.arhns.uns.ac.rs\/givsf\/wp-content\/uploads\/2025\/11\/Screenshot-2025-11-09-164922.png\"><img loading=\"lazy\" decoding=\"async\" width=\"422\" height=\"633\" src=\"https:\/\/www.arhns.uns.ac.rs\/givsf\/wp-content\/uploads\/2025\/11\/Screenshot-2025-11-09-164922.png\" alt=\"\" class=\"wp-image-24265\" style=\"width:239px;height:auto\" srcset=\"https:\/\/www.arhns.uns.ac.rs\/givsf\/wp-content\/uploads\/2025\/11\/Screenshot-2025-11-09-164922.png 422w, https:\/\/www.arhns.uns.ac.rs\/givsf\/wp-content\/uploads\/2025\/11\/Screenshot-2025-11-09-164922-200x300.png 200w\" sizes=\"auto, (max-width: 422px) 100vw, 422px\" \/><\/a><\/figure>\n\n\n\n<p><\/p>\n\n\n\n<p><\/p>\n","protected":false},"excerpt":{"rendered":"<p>OBLAST ISTRA\u017dIVANJA: \u0160ira oblast koja obuhvata temu jeste dizajn enterijera i emocionalni do\u017eivljaj prostora. Obuhvata prou\u010davanje kako razli\u010diti prostorni, vizuelni i ambijentalni faktori uti\u010du na psiholo\u0161ki i emocionalni odgovor korisniku. TEMA ISTRA\u017dIVANJA: \u0160ira oblast koja obuhvata temu jeste dizajn enterijera i emocionalni do\u017eivljaj prostora. Obuhvata prou\u010davanje kako razli\u010diti prostorni, vizuelni i ambijentalni faktori uti\u010du na&hellip; <a class=\"more-link\" href=\"https:\/\/www.arhns.uns.ac.rs\/givsf\/evaluacija-uticaja-adaptivnog-enterijera-na-emocije-korisnika\/\">Continue reading <span class=\"screen-reader-text\">EVALUACIJA UTICAJA ADAPTIVNOG ENTERIJERA NA EMOCIJE KORISNIKA<\/span><\/a><\/p>\n","protected":false},"author":711,"featured_media":0,"comment_status":"open","ping_status":"open","sticky":false,"template":"","format":"standard","meta":{"footnotes":""},"categories":[1],"tags":[657],"coauthors":[704],"class_list":["post-24262","post","type-post","status-publish","format-standard","hentry","category-opste","tag-24-25","entry"],"_links":{"self":[{"href":"https:\/\/www.arhns.uns.ac.rs\/givsf\/wp-json\/wp\/v2\/posts\/24262","targetHints":{"allow":["GET"]}}],"collection":[{"href":"https:\/\/www.arhns.uns.ac.rs\/givsf\/wp-json\/wp\/v2\/posts"}],"about":[{"href":"https:\/\/www.arhns.uns.ac.rs\/givsf\/wp-json\/wp\/v2\/types\/post"}],"author":[{"embeddable":true,"href":"https:\/\/www.arhns.uns.ac.rs\/givsf\/wp-json\/wp\/v2\/users\/711"}],"replies":[{"embeddable":true,"href":"https:\/\/www.arhns.uns.ac.rs\/givsf\/wp-json\/wp\/v2\/comments?post=24262"}],"version-history":[{"count":3,"href":"https:\/\/www.arhns.uns.ac.rs\/givsf\/wp-json\/wp\/v2\/posts\/24262\/revisions"}],"predecessor-version":[{"id":24271,"href":"https:\/\/www.arhns.uns.ac.rs\/givsf\/wp-json\/wp\/v2\/posts\/24262\/revisions\/24271"}],"wp:attachment":[{"href":"https:\/\/www.arhns.uns.ac.rs\/givsf\/wp-json\/wp\/v2\/media?parent=24262"}],"wp:term":[{"taxonomy":"category","embeddable":true,"href":"https:\/\/www.arhns.uns.ac.rs\/givsf\/wp-json\/wp\/v2\/categories?post=24262"},{"taxonomy":"post_tag","embeddable":true,"href":"https:\/\/www.arhns.uns.ac.rs\/givsf\/wp-json\/wp\/v2\/tags?post=24262"},{"taxonomy":"author","embeddable":true,"href":"https:\/\/www.arhns.uns.ac.rs\/givsf\/wp-json\/wp\/v2\/coauthors?post=24262"}],"curies":[{"name":"wp","href":"https:\/\/api.w.org\/{rel}","templated":true}]}}