{"id":2317,"date":"2014-05-19T16:51:22","date_gmt":"2014-05-19T15:51:22","guid":{"rendered":"http:\/\/www.arhns.com\/givsf\/?p=2317"},"modified":"2014-06-26T20:15:40","modified_gmt":"2014-06-26T19:15:40","slug":"opticka-varka-prostorna-instalacija","status":"publish","type":"post","link":"https:\/\/www.arhns.uns.ac.rs\/givsf\/opticka-varka-prostorna-instalacija\/","title":{"rendered":"Opti\u010dka varka &#8211; prostorna instalacija 01"},"content":{"rendered":"<p><strong>Tim: <\/strong>Igor Ljuboja i Nikola Sekuli\u0107<\/p>\n<p><strong>Opis: <\/strong>Ideja za prostornu instalaciju je inspirisana Salvador Dalijevom izlo\u017ebom u Parizu. Za razliku od Dalijeve izlo\u017ebe, u hodniku Departmana za arhitkturu i urbanizam \u0107e biti postavljena trajna instalacija koja je, tako\u0111e, saglediva samo iz jedne ta\u010dke. Na ovaj na\u010din bismo ,,o\u017eiveli&#8221; prostor \u010dija je funkcija da povezije u\u010dionice i amfiteatar. Jo\u0161 jedan doprinos bi bio uvo\u0111enje novog mobilijara koji predstavlja integralni deo opti\u010dke varke.<\/p>\n<p><strong>Grafika:<\/strong><\/p>\n<p><a href=\"https:\/\/www.arhns.uns.ac.rs\/givsf\/wp-content\/uploads\/2014\/05\/12.jpg\"><img loading=\"lazy\" decoding=\"async\" class=\"alignnone size-medium wp-image-2369\" src=\"https:\/\/www.arhns.uns.ac.rs\/givsf\/wp-content\/uploads\/2014\/05\/12-300x225.jpg\" alt=\"12\" width=\"300\" height=\"225\" srcset=\"https:\/\/www.arhns.uns.ac.rs\/givsf\/wp-content\/uploads\/2014\/05\/12-300x225.jpg 300w, https:\/\/www.arhns.uns.ac.rs\/givsf\/wp-content\/uploads\/2014\/05\/12.jpg 400w\" sizes=\"auto, (max-width: 300px) 100vw, 300px\" \/><\/a> <a href=\"https:\/\/www.arhns.uns.ac.rs\/givsf\/wp-content\/uploads\/2014\/05\/11.jpg\"><img loading=\"lazy\" decoding=\"async\" class=\"alignnone size-medium wp-image-2368\" src=\"https:\/\/www.arhns.uns.ac.rs\/givsf\/wp-content\/uploads\/2014\/05\/11-300x225.jpg\" alt=\"Sierra Exif JPEG\" width=\"300\" height=\"225\" srcset=\"https:\/\/www.arhns.uns.ac.rs\/givsf\/wp-content\/uploads\/2014\/05\/11-300x225.jpg 300w, https:\/\/www.arhns.uns.ac.rs\/givsf\/wp-content\/uploads\/2014\/05\/11.jpg 400w\" sizes=\"auto, (max-width: 300px) 100vw, 300px\" \/><\/a><br \/>\n<em>\u00a0 \u00a0 \u00a0 \u00a0 \u00a0 Pogled sa nasumi\u010dne ta\u010dke \u00a0 \u00a0 \u00a0 \u00a0 \u00a0 \u00a0 \u00a0 \u00a0 \u00a0 \u00a0 \u00a0 \u00a0 \u00a0 \u00a0 \u00a0 \u00a0 Pogled sa obele\u017eene ta\u010dke<\/em><\/p>\n","protected":false},"excerpt":{"rendered":"<p>Tim: Igor Ljuboja i Nikola Sekuli\u0107 Opis: Ideja za prostornu instalaciju je inspirisana Salvador Dalijevom izlo\u017ebom u Parizu. Za razliku od Dalijeve izlo\u017ebe, u hodniku Departmana za arhitkturu i urbanizam \u0107e biti postavljena trajna instalacija koja je, tako\u0111e, saglediva samo iz jedne ta\u010dke. Na ovaj na\u010din bismo ,,o\u017eiveli&#8221; prostor \u010dija je funkcija da povezije u\u010dionice&hellip; <a class=\"more-link\" href=\"https:\/\/www.arhns.uns.ac.rs\/givsf\/opticka-varka-prostorna-instalacija\/\">Continue reading <span class=\"screen-reader-text\">Opti\u010dka varka &#8211; prostorna instalacija 01<\/span><\/a><\/p>\n","protected":false},"author":118,"featured_media":0,"comment_status":"open","ping_status":"open","sticky":false,"template":"","format":"standard","meta":{"footnotes":""},"categories":[10],"tags":[],"coauthors":[137,103],"class_list":["post-2317","post","type-post","status-publish","format-standard","hentry","category-radovi","entry"],"_links":{"self":[{"href":"https:\/\/www.arhns.uns.ac.rs\/givsf\/wp-json\/wp\/v2\/posts\/2317","targetHints":{"allow":["GET"]}}],"collection":[{"href":"https:\/\/www.arhns.uns.ac.rs\/givsf\/wp-json\/wp\/v2\/posts"}],"about":[{"href":"https:\/\/www.arhns.uns.ac.rs\/givsf\/wp-json\/wp\/v2\/types\/post"}],"author":[{"embeddable":true,"href":"https:\/\/www.arhns.uns.ac.rs\/givsf\/wp-json\/wp\/v2\/users\/118"}],"replies":[{"embeddable":true,"href":"https:\/\/www.arhns.uns.ac.rs\/givsf\/wp-json\/wp\/v2\/comments?post=2317"}],"version-history":[{"count":4,"href":"https:\/\/www.arhns.uns.ac.rs\/givsf\/wp-json\/wp\/v2\/posts\/2317\/revisions"}],"predecessor-version":[{"id":2879,"href":"https:\/\/www.arhns.uns.ac.rs\/givsf\/wp-json\/wp\/v2\/posts\/2317\/revisions\/2879"}],"wp:attachment":[{"href":"https:\/\/www.arhns.uns.ac.rs\/givsf\/wp-json\/wp\/v2\/media?parent=2317"}],"wp:term":[{"taxonomy":"category","embeddable":true,"href":"https:\/\/www.arhns.uns.ac.rs\/givsf\/wp-json\/wp\/v2\/categories?post=2317"},{"taxonomy":"post_tag","embeddable":true,"href":"https:\/\/www.arhns.uns.ac.rs\/givsf\/wp-json\/wp\/v2\/tags?post=2317"},{"taxonomy":"author","embeddable":true,"href":"https:\/\/www.arhns.uns.ac.rs\/givsf\/wp-json\/wp\/v2\/coauthors?post=2317"}],"curies":[{"name":"wp","href":"https:\/\/api.w.org\/{rel}","templated":true}]}}