{"id":2190,"date":"2014-05-19T15:59:23","date_gmt":"2014-05-19T14:59:23","guid":{"rendered":"http:\/\/www.arhns.com\/givsf\/?p=2190"},"modified":"2014-06-26T23:52:58","modified_gmt":"2014-06-26T22:52:58","slug":"3d-slika","status":"publish","type":"post","link":"https:\/\/www.arhns.uns.ac.rs\/givsf\/3d-slika\/","title":{"rendered":"3D iluzije 01"},"content":{"rendered":"<p><strong>Tim:\u00a0<\/strong>Petar \u017dica i Nikola Milenkovi\u0107<\/p>\n<p><strong><strong>Opis:\u00a0<span style=\"font-weight: normal;color: #333333\">Mo\u017ee se pamtiti i pomo\u0107u slika. Vizuelni podaci obi\u010dno se bolje pamte od drugih vrsta podataka. Kako zapamtiti ulicu pored koje smo upravo pro\u0161li?<\/span><\/strong><span style=\"font-weight: normal;color: #444444\">\u00a0Cilj projekta je bio da prika\u017eemo li\u010dnosti po kojima je ulica dobila ime, radi lak\u0161eg pam\u0107enja samih ulica. Ideja je postavljanje 2d slika li\u010dnosti na bo\u010dnim fasadama ku\u0107a i zgrada. Postoja\u0107e dva slu\u010daja, prvi je projektovanje slika na ravnim povr\u0161ima, a drugi projektovanje slika na\u00a0povr\u0161i slobodnih formi.<\/span><\/strong><\/p>\n<p>Akcenat je stavljen na Alma\u0161ki kraj, koji je sam po sebi dosta konfuzan, i vrlo te\u017eak za snala\u017eenje. Uvo\u0111enjem vizuelnih efekata li\u010dnosti \u010dije ime ulica nosi, u mnogome \u0107e se olak\u0161ati orjentacija njenim korisnicima.<\/p>\n<p>&nbsp;<\/p>\n<p><strong><span style=\"font-weight: normal;color: #444444\">Pr. Njego\u0161eva ulica.<\/span><\/strong><\/p>\n<p><strong><a href=\"https:\/\/www.arhns.uns.ac.rs\/givsf\/wp-content\/uploads\/2014\/05\/10Petar-Petrovic-Njegos.jpg\"><img loading=\"lazy\" decoding=\"async\" class=\"alignnone size-medium wp-image-2255\" src=\"https:\/\/www.arhns.uns.ac.rs\/givsf\/wp-content\/uploads\/2014\/05\/10Petar-Petrovic-Njegos-300x225.jpg\" alt=\"10Petar Petrovic Njegos\" width=\"300\" height=\"225\" srcset=\"https:\/\/www.arhns.uns.ac.rs\/givsf\/wp-content\/uploads\/2014\/05\/10Petar-Petrovic-Njegos-300x225.jpg 300w, https:\/\/www.arhns.uns.ac.rs\/givsf\/wp-content\/uploads\/2014\/05\/10Petar-Petrovic-Njegos-1024x768.jpg 1024w\" sizes=\"auto, (max-width: 300px) 100vw, 300px\" \/><\/a><\/strong><\/p>\n","protected":false},"excerpt":{"rendered":"<p>Tim:\u00a0Petar \u017dica i Nikola Milenkovi\u0107 Opis:\u00a0Mo\u017ee se pamtiti i pomo\u0107u slika. Vizuelni podaci obi\u010dno se bolje pamte od drugih vrsta podataka. Kako zapamtiti ulicu pored koje smo upravo pro\u0161li?\u00a0Cilj projekta je bio da prika\u017eemo li\u010dnosti po kojima je ulica dobila ime, radi lak\u0161eg pam\u0107enja samih ulica. Ideja je postavljanje 2d slika li\u010dnosti na bo\u010dnim fasadama&hellip; <a class=\"more-link\" href=\"https:\/\/www.arhns.uns.ac.rs\/givsf\/3d-slika\/\">Continue reading <span class=\"screen-reader-text\">3D iluzije 01<\/span><\/a><\/p>\n","protected":false},"author":89,"featured_media":0,"comment_status":"open","ping_status":"open","sticky":false,"template":"","format":"standard","meta":{"footnotes":""},"categories":[10],"tags":[],"coauthors":[106,147],"class_list":["post-2190","post","type-post","status-publish","format-standard","hentry","category-radovi","entry"],"_links":{"self":[{"href":"https:\/\/www.arhns.uns.ac.rs\/givsf\/wp-json\/wp\/v2\/posts\/2190","targetHints":{"allow":["GET"]}}],"collection":[{"href":"https:\/\/www.arhns.uns.ac.rs\/givsf\/wp-json\/wp\/v2\/posts"}],"about":[{"href":"https:\/\/www.arhns.uns.ac.rs\/givsf\/wp-json\/wp\/v2\/types\/post"}],"author":[{"embeddable":true,"href":"https:\/\/www.arhns.uns.ac.rs\/givsf\/wp-json\/wp\/v2\/users\/89"}],"replies":[{"embeddable":true,"href":"https:\/\/www.arhns.uns.ac.rs\/givsf\/wp-json\/wp\/v2\/comments?post=2190"}],"version-history":[{"count":12,"href":"https:\/\/www.arhns.uns.ac.rs\/givsf\/wp-json\/wp\/v2\/posts\/2190\/revisions"}],"predecessor-version":[{"id":2945,"href":"https:\/\/www.arhns.uns.ac.rs\/givsf\/wp-json\/wp\/v2\/posts\/2190\/revisions\/2945"}],"wp:attachment":[{"href":"https:\/\/www.arhns.uns.ac.rs\/givsf\/wp-json\/wp\/v2\/media?parent=2190"}],"wp:term":[{"taxonomy":"category","embeddable":true,"href":"https:\/\/www.arhns.uns.ac.rs\/givsf\/wp-json\/wp\/v2\/categories?post=2190"},{"taxonomy":"post_tag","embeddable":true,"href":"https:\/\/www.arhns.uns.ac.rs\/givsf\/wp-json\/wp\/v2\/tags?post=2190"},{"taxonomy":"author","embeddable":true,"href":"https:\/\/www.arhns.uns.ac.rs\/givsf\/wp-json\/wp\/v2\/coauthors?post=2190"}],"curies":[{"name":"wp","href":"https:\/\/api.w.org\/{rel}","templated":true}]}}