{"id":19601,"date":"2024-03-30T14:21:57","date_gmt":"2024-03-30T13:21:57","guid":{"rendered":"https:\/\/www.arhns.uns.ac.rs\/givsf\/?p=19601"},"modified":"2024-06-22T13:07:55","modified_gmt":"2024-06-22T12:07:55","slug":"modelovanje-objekta-na-osnovu-osuncanosti","status":"publish","type":"post","link":"https:\/\/www.arhns.uns.ac.rs\/givsf\/modelovanje-objekta-na-osnovu-osuncanosti\/","title":{"rendered":"Dovo\u0111enje svetlosti objektu kojem drugi objekat blokira svetlost"},"content":{"rendered":"<p>TEMA:<\/p>\n<p><img loading=\"lazy\" decoding=\"async\" class=\"alignnone size-medium wp-image-19618\" src=\"https:\/\/www.arhns.uns.ac.rs\/givsf\/wp-content\/uploads\/2024\/03\/q-centar-300x163.png\" alt=\"q centar\" width=\"300\" height=\"163\" srcset=\"https:\/\/www.arhns.uns.ac.rs\/givsf\/wp-content\/uploads\/2024\/03\/q-centar-300x163.png 300w, https:\/\/www.arhns.uns.ac.rs\/givsf\/wp-content\/uploads\/2024\/03\/q-centar-1024x556.png 1024w, https:\/\/www.arhns.uns.ac.rs\/givsf\/wp-content\/uploads\/2024\/03\/q-centar.png 1426w\" sizes=\"auto, (max-width: 300px) 100vw, 300px\" \/><img loading=\"lazy\" decoding=\"async\" class=\"alignnone  wp-image-19619\" src=\"https:\/\/www.arhns.uns.ac.rs\/givsf\/wp-content\/uploads\/2024\/03\/IQ-zgrada-pametna-energetska-efikasnost-2-300x168.jpg\" alt=\"IQ-zgrada-pametna-energetska-efikasnost-2\" width=\"289\" height=\"162\" srcset=\"https:\/\/www.arhns.uns.ac.rs\/givsf\/wp-content\/uploads\/2024\/03\/IQ-zgrada-pametna-energetska-efikasnost-2-300x168.jpg 300w, https:\/\/www.arhns.uns.ac.rs\/givsf\/wp-content\/uploads\/2024\/03\/IQ-zgrada-pametna-energetska-efikasnost-2-1024x576.jpg 1024w, https:\/\/www.arhns.uns.ac.rs\/givsf\/wp-content\/uploads\/2024\/03\/IQ-zgrada-pametna-energetska-efikasnost-2.jpg 1920w\" sizes=\"auto, (max-width: 289px) 100vw, 289px\" \/><\/p>\n<p>Ispitivanje osun\u010danosti izgra\u0111enog dela Novog Sada na lokaciji Sajmi\u0161te, ugao Rumena\u010dke i Bulevara Kralja Petra. Analiza projektovanog IQ centra i uo\u010davanje\u00a0skoro potpunog zaklanjanja svetlosti objektu iza.<\/p>\n<p>PROBLEM:<br \/>\nZgrada na parceli\u00a0iza IQ Centra u Novom Sadu ne dobija sun\u010devu svetlost jer je novoprojektovani objekat blokira.<\/p>\n<p>CILJ :<\/p>\n<p>Unaprediti uslove za \u017eivot stanarima u objektu iza IQ centra dovo\u0111enjem svetlosti pomo\u0107u sfernog so\u010diva, uz minimalne izmene izgleda objekta.<\/p>\n<p>PRIMENJENI ALATI I METODE:<br \/>\n3dsMax, Sketchup + Vray<\/p>\n<p>HIPOTEZA:<br \/>\nOblik i blizina projektovane zgrade uti\u010de na koli\u010dinu svetlosti koju dobijaju zgrade u neposrednoj sredini. Da li je mogu\u0107e re\u0161iti problem, uz minimalne modifikacije, bez naru\u0161avanja izgleda i ru\u0161enja zgrade? Da li postavljanjem odredjenog oblika so\u010diva mogu da se prelome svetlosni zraci tako da osun\u010daju objekat i u kojoj meri?<\/p>\n<p>SLI\u010cNI PRIMERI:<\/p>\n<p>Upotreba reflektivnih ogledala za osvetljavanje prostora pod senkom, proizvo\u0111a\u010d &#8220;Espaciel&#8221; koji na tr\u017ei\u0161tu nudi gotove proizvode.<\/p>\n<p><a href=\"https:\/\/www.arhns.uns.ac.rs\/givsf\/wp-content\/uploads\/2024\/03\/Shading-by-neighbouring-buildings-2.png\"><img loading=\"lazy\" decoding=\"async\" class=\"alignnone size-medium wp-image-19635\" src=\"https:\/\/www.arhns.uns.ac.rs\/givsf\/wp-content\/uploads\/2024\/03\/Shading-by-neighbouring-buildings-2-300x300.png\" alt=\"Shading-by-neighbouring-buildings (2)\" width=\"300\" height=\"300\" srcset=\"https:\/\/www.arhns.uns.ac.rs\/givsf\/wp-content\/uploads\/2024\/03\/Shading-by-neighbouring-buildings-2-300x300.png 300w, https:\/\/www.arhns.uns.ac.rs\/givsf\/wp-content\/uploads\/2024\/03\/Shading-by-neighbouring-buildings-2-150x150.png 150w, https:\/\/www.arhns.uns.ac.rs\/givsf\/wp-content\/uploads\/2024\/03\/Shading-by-neighbouring-buildings-2-32x32.png 32w, https:\/\/www.arhns.uns.ac.rs\/givsf\/wp-content\/uploads\/2024\/03\/Shading-by-neighbouring-buildings-2-64x64.png 64w, https:\/\/www.arhns.uns.ac.rs\/givsf\/wp-content\/uploads\/2024\/03\/Shading-by-neighbouring-buildings-2-96x96.png 96w, https:\/\/www.arhns.uns.ac.rs\/givsf\/wp-content\/uploads\/2024\/03\/Shading-by-neighbouring-buildings-2-128x128.png 128w, https:\/\/www.arhns.uns.ac.rs\/givsf\/wp-content\/uploads\/2024\/03\/Shading-by-neighbouring-buildings-2.png 379w\" sizes=\"auto, (max-width: 300px) 100vw, 300px\" \/><\/a><a href=\"https:\/\/www.arhns.uns.ac.rs\/givsf\/wp-content\/uploads\/2024\/03\/espaciel-286x300.png\"><img loading=\"lazy\" decoding=\"async\" class=\"alignnone  wp-image-20466\" src=\"https:\/\/www.arhns.uns.ac.rs\/givsf\/wp-content\/uploads\/2024\/03\/espaciel-2-282x300.png\" alt=\"espaciel-2-282x300\" width=\"281\" height=\"298\" \/><\/a><a href=\"https:\/\/www.arhns.uns.ac.rs\/givsf\/wp-content\/uploads\/2024\/03\/espaciel-286x3001.png\"><img loading=\"lazy\" decoding=\"async\" class=\"alignnone size-full wp-image-20468\" src=\"https:\/\/www.arhns.uns.ac.rs\/givsf\/wp-content\/uploads\/2024\/03\/espaciel-286x3001.png\" alt=\"espaciel-286x300\" width=\"286\" height=\"300\" \/><\/a><\/p>\n<p>Reference:<br \/>\nhttps:\/\/www.researchgate.net\/publication\/266167918_SHADING_PASSIVE_COOLING_AND_ENERGY_CONSERVATION_IN_BUILDINGS<\/p>\n<blockquote class=\"wp-embedded-content\" data-secret=\"8MLM6JncuZ\"><p><a href=\"https:\/\/www.gradnja.rs\/dron-reportaza-iq-biznis-i-panorama-centar-novi-sad\/\">Dron reporta\u017ea: IQ Biznis i Panorama Centar u Novom Sadu<\/a><\/p><\/blockquote>\n<p><iframe loading=\"lazy\" class=\"wp-embedded-content\" sandbox=\"allow-scripts\" security=\"restricted\" style=\"position: absolute; visibility: hidden;\" title=\"&#132;Dron reporta\u017ea: IQ Biznis i Panorama Centar u Novom Sadu&#147; &#8212; Gradnja\" src=\"https:\/\/www.gradnja.rs\/dron-reportaza-iq-biznis-i-panorama-centar-novi-sad\/embed\/#?secret=5WVS7bK7e3#?secret=8MLM6JncuZ\" data-secret=\"8MLM6JncuZ\" width=\"600\" height=\"338\" frameborder=\"0\" marginwidth=\"0\" marginheight=\"0\" scrolling=\"no\"><\/iframe><\/p>\n<blockquote class=\"wp-embedded-content\" data-secret=\"v7lJW7hqCx\"><p><a href=\"https:\/\/vojvodinauzivo.rs\/pametne-energetski-efikasne-zgrade-novog-sada\/\">Pametne, energetski efikasne, zgrade Novog Sada<\/a><\/p><\/blockquote>\n<p><iframe loading=\"lazy\" class=\"wp-embedded-content\" sandbox=\"allow-scripts\" security=\"restricted\" style=\"position: absolute; visibility: hidden;\" title=\"&#132;Pametne, energetski efikasne, zgrade Novog Sada&#147; &#8212; Vojvodina u\u017eivo\" src=\"https:\/\/vojvodinauzivo.rs\/pametne-energetski-efikasne-zgrade-novog-sada\/embed\/#?secret=lx9DlBvFGW#?secret=v7lJW7hqCx\" data-secret=\"v7lJW7hqCx\" width=\"600\" height=\"338\" frameborder=\"0\" marginwidth=\"0\" marginheight=\"0\" scrolling=\"no\"><\/iframe><\/p>\n<p>https:\/\/www.espaciel.com\/en\/<\/p>\n","protected":false},"excerpt":{"rendered":"<p>TEMA: Ispitivanje osun\u010danosti izgra\u0111enog dela Novog Sada na lokaciji Sajmi\u0161te, ugao Rumena\u010dke i Bulevara Kralja Petra. Analiza projektovanog IQ centra i uo\u010davanje\u00a0skoro potpunog zaklanjanja svetlosti objektu iza. PROBLEM: Zgrada na parceli\u00a0iza IQ Centra u Novom Sadu ne dobija sun\u010devu svetlost jer je novoprojektovani objekat blokira. CILJ : Unaprediti uslove za \u017eivot stanarima u objektu iza&hellip; <a class=\"more-link\" href=\"https:\/\/www.arhns.uns.ac.rs\/givsf\/modelovanje-objekta-na-osnovu-osuncanosti\/\">Continue reading <span class=\"screen-reader-text\">Dovo\u0111enje svetlosti objektu kojem drugi objekat blokira svetlost<\/span><\/a><\/p>\n","protected":false},"author":650,"featured_media":0,"comment_status":"open","ping_status":"open","sticky":false,"template":"","format":"standard","meta":{"footnotes":""},"categories":[608,1],"tags":[],"coauthors":[619],"class_list":["post-19601","post","type-post","status-publish","format-standard","hentry","category-2324-radovi","category-opste","entry"],"_links":{"self":[{"href":"https:\/\/www.arhns.uns.ac.rs\/givsf\/wp-json\/wp\/v2\/posts\/19601","targetHints":{"allow":["GET"]}}],"collection":[{"href":"https:\/\/www.arhns.uns.ac.rs\/givsf\/wp-json\/wp\/v2\/posts"}],"about":[{"href":"https:\/\/www.arhns.uns.ac.rs\/givsf\/wp-json\/wp\/v2\/types\/post"}],"author":[{"embeddable":true,"href":"https:\/\/www.arhns.uns.ac.rs\/givsf\/wp-json\/wp\/v2\/users\/650"}],"replies":[{"embeddable":true,"href":"https:\/\/www.arhns.uns.ac.rs\/givsf\/wp-json\/wp\/v2\/comments?post=19601"}],"version-history":[{"count":8,"href":"https:\/\/www.arhns.uns.ac.rs\/givsf\/wp-json\/wp\/v2\/posts\/19601\/revisions"}],"predecessor-version":[{"id":20518,"href":"https:\/\/www.arhns.uns.ac.rs\/givsf\/wp-json\/wp\/v2\/posts\/19601\/revisions\/20518"}],"wp:attachment":[{"href":"https:\/\/www.arhns.uns.ac.rs\/givsf\/wp-json\/wp\/v2\/media?parent=19601"}],"wp:term":[{"taxonomy":"category","embeddable":true,"href":"https:\/\/www.arhns.uns.ac.rs\/givsf\/wp-json\/wp\/v2\/categories?post=19601"},{"taxonomy":"post_tag","embeddable":true,"href":"https:\/\/www.arhns.uns.ac.rs\/givsf\/wp-json\/wp\/v2\/tags?post=19601"},{"taxonomy":"author","embeddable":true,"href":"https:\/\/www.arhns.uns.ac.rs\/givsf\/wp-json\/wp\/v2\/coauthors?post=19601"}],"curies":[{"name":"wp","href":"https:\/\/api.w.org\/{rel}","templated":true}]}}