{"id":1895,"date":"2013-09-13T23:13:09","date_gmt":"2013-09-13T22:13:09","guid":{"rendered":"http:\/\/www.arhns.com\/givsf\/?p=1895"},"modified":"2013-09-13T23:13:09","modified_gmt":"2013-09-13T22:13:09","slug":"rekonstrukcija-prostora-sa-slike-finalno","status":"publish","type":"post","link":"https:\/\/www.arhns.uns.ac.rs\/givsf\/rekonstrukcija-prostora-sa-slike-finalno\/","title":{"rendered":"Rekonstrukcija prostora sa slike-FINALNO"},"content":{"rendered":"<p>Da bi slike izgledale \u0161to realnije,renesansni slikari su se slu\u017eili &#8220;vazdu\u0161nom perspektivom&#8221;,odnosno predstavljanje iluzije dubine na slici pomo\u0107u boje i tonova. Da se nisu koristili geometrijom i da je prporcija na slici iluzija,mo\u017eemo i dokazati.<\/p>\n<p><a href=\"https:\/\/www.arhns.uns.ac.rs\/givsf\/wp-content\/uploads\/2013\/09\/402px-Raffaello_Sposalizio.jpg\"><img loading=\"lazy\" decoding=\"async\" src=\"https:\/\/www.arhns.uns.ac.rs\/givsf\/wp-content\/uploads\/2013\/09\/402px-Raffaello_Sposalizio-201x300.jpg\" alt=\"402px-Raffaello_Sposalizio\" width=\"201\" height=\"300\" class=\"alignnone size-medium wp-image-1896\" srcset=\"https:\/\/www.arhns.uns.ac.rs\/givsf\/wp-content\/uploads\/2013\/09\/402px-Raffaello_Sposalizio-201x300.jpg 201w, https:\/\/www.arhns.uns.ac.rs\/givsf\/wp-content\/uploads\/2013\/09\/402px-Raffaello_Sposalizio.jpg 402w\" sizes=\"auto, (max-width: 201px) 100vw, 201px\" \/><\/a><br \/>\n<a href=\"https:\/\/www.arhns.uns.ac.rs\/givsf\/wp-content\/uploads\/2013\/09\/12.jpg\"><img loading=\"lazy\" decoding=\"async\" src=\"https:\/\/www.arhns.uns.ac.rs\/givsf\/wp-content\/uploads\/2013\/09\/12-300x212.jpg\" alt=\"1\" width=\"300\" height=\"212\" class=\"alignnone size-medium wp-image-1897\" srcset=\"https:\/\/www.arhns.uns.ac.rs\/givsf\/wp-content\/uploads\/2013\/09\/12-300x212.jpg 300w, https:\/\/www.arhns.uns.ac.rs\/givsf\/wp-content\/uploads\/2013\/09\/12-1024x723.jpg 1024w\" sizes=\"auto, (max-width: 300px) 100vw, 300px\" \/><\/a><br \/>\n<a href=\"https:\/\/www.arhns.uns.ac.rs\/givsf\/wp-content\/uploads\/2013\/09\/23.jpg\"><img loading=\"lazy\" decoding=\"async\" src=\"https:\/\/www.arhns.uns.ac.rs\/givsf\/wp-content\/uploads\/2013\/09\/23-300x212.jpg\" alt=\"2\" width=\"300\" height=\"212\" class=\"alignnone size-medium wp-image-1899\" srcset=\"https:\/\/www.arhns.uns.ac.rs\/givsf\/wp-content\/uploads\/2013\/09\/23-300x212.jpg 300w, https:\/\/www.arhns.uns.ac.rs\/givsf\/wp-content\/uploads\/2013\/09\/23-1024x723.jpg 1024w\" sizes=\"auto, (max-width: 300px) 100vw, 300px\" \/><\/a><br \/>\n<a href=\"https:\/\/www.arhns.uns.ac.rs\/givsf\/wp-content\/uploads\/2013\/09\/33.jpg\"><img loading=\"lazy\" decoding=\"async\" src=\"https:\/\/www.arhns.uns.ac.rs\/givsf\/wp-content\/uploads\/2013\/09\/33-300x212.jpg\" alt=\"3\" width=\"300\" height=\"212\" class=\"alignnone size-medium wp-image-1900\" srcset=\"https:\/\/www.arhns.uns.ac.rs\/givsf\/wp-content\/uploads\/2013\/09\/33-300x212.jpg 300w, https:\/\/www.arhns.uns.ac.rs\/givsf\/wp-content\/uploads\/2013\/09\/33-1024x723.jpg 1024w\" sizes=\"auto, (max-width: 300px) 100vw, 300px\" \/><\/a><br \/>\n<a href=\"https:\/\/www.arhns.uns.ac.rs\/givsf\/wp-content\/uploads\/2013\/09\/43.jpg\"><img loading=\"lazy\" decoding=\"async\" src=\"https:\/\/www.arhns.uns.ac.rs\/givsf\/wp-content\/uploads\/2013\/09\/43-300x212.jpg\" alt=\"4\" width=\"300\" height=\"212\" class=\"alignnone size-medium wp-image-1901\" srcset=\"https:\/\/www.arhns.uns.ac.rs\/givsf\/wp-content\/uploads\/2013\/09\/43-300x212.jpg 300w, https:\/\/www.arhns.uns.ac.rs\/givsf\/wp-content\/uploads\/2013\/09\/43-1024x723.jpg 1024w\" sizes=\"auto, (max-width: 300px) 100vw, 300px\" \/><\/a><\/p>\n<p>Kamera je postavljena na dva na\u010dina;na prvoj slici je postavljena tako da se ljudi i hram &#8220;poklapaju&#8221; sa ljudina na originalnoj slici,a druga tako da se pogloga uklapa sa originalom.<\/p>\n","protected":false},"excerpt":{"rendered":"<p>Da bi slike izgledale \u0161to realnije,renesansni slikari su se slu\u017eili &#8220;vazdu\u0161nom perspektivom&#8221;,odnosno predstavljanje iluzije dubine na slici pomo\u0107u boje i tonova. Da se nisu koristili geometrijom i da je prporcija na slici iluzija,mo\u017eemo i dokazati. Kamera je postavljena na dva na\u010dina;na prvoj slici je postavljena tako da se ljudi i hram &#8220;poklapaju&#8221; sa ljudina na&hellip; <a class=\"more-link\" href=\"https:\/\/www.arhns.uns.ac.rs\/givsf\/rekonstrukcija-prostora-sa-slike-finalno\/\">Continue reading <span class=\"screen-reader-text\">Rekonstrukcija prostora sa slike-FINALNO<\/span><\/a><\/p>\n","protected":false},"author":66,"featured_media":0,"comment_status":"open","ping_status":"open","sticky":false,"template":"","format":"standard","meta":{"footnotes":""},"categories":[10],"tags":[],"coauthors":[],"class_list":["post-1895","post","type-post","status-publish","format-standard","hentry","category-radovi","entry"],"_links":{"self":[{"href":"https:\/\/www.arhns.uns.ac.rs\/givsf\/wp-json\/wp\/v2\/posts\/1895","targetHints":{"allow":["GET"]}}],"collection":[{"href":"https:\/\/www.arhns.uns.ac.rs\/givsf\/wp-json\/wp\/v2\/posts"}],"about":[{"href":"https:\/\/www.arhns.uns.ac.rs\/givsf\/wp-json\/wp\/v2\/types\/post"}],"author":[{"embeddable":true,"href":"https:\/\/www.arhns.uns.ac.rs\/givsf\/wp-json\/wp\/v2\/users\/66"}],"replies":[{"embeddable":true,"href":"https:\/\/www.arhns.uns.ac.rs\/givsf\/wp-json\/wp\/v2\/comments?post=1895"}],"version-history":[{"count":5,"href":"https:\/\/www.arhns.uns.ac.rs\/givsf\/wp-json\/wp\/v2\/posts\/1895\/revisions"}],"predecessor-version":[{"id":1905,"href":"https:\/\/www.arhns.uns.ac.rs\/givsf\/wp-json\/wp\/v2\/posts\/1895\/revisions\/1905"}],"wp:attachment":[{"href":"https:\/\/www.arhns.uns.ac.rs\/givsf\/wp-json\/wp\/v2\/media?parent=1895"}],"wp:term":[{"taxonomy":"category","embeddable":true,"href":"https:\/\/www.arhns.uns.ac.rs\/givsf\/wp-json\/wp\/v2\/categories?post=1895"},{"taxonomy":"post_tag","embeddable":true,"href":"https:\/\/www.arhns.uns.ac.rs\/givsf\/wp-json\/wp\/v2\/tags?post=1895"},{"taxonomy":"author","embeddable":true,"href":"https:\/\/www.arhns.uns.ac.rs\/givsf\/wp-json\/wp\/v2\/coauthors?post=1895"}],"curies":[{"name":"wp","href":"https:\/\/api.w.org\/{rel}","templated":true}]}}