{"id":16381,"date":"2022-06-07T03:50:12","date_gmt":"2022-06-07T02:50:12","guid":{"rendered":"https:\/\/www.arhns.uns.ac.rs\/givsf\/?p=16381"},"modified":"2022-06-07T03:51:14","modified_gmt":"2022-06-07T02:51:14","slug":"faza-3-projiciranje-avramskih-simbola-u-enterijeru","status":"publish","type":"post","link":"https:\/\/www.arhns.uns.ac.rs\/givsf\/faza-3-projiciranje-avramskih-simbola-u-enterijeru\/","title":{"rendered":"Faza III &#8211; Projiciranje avramskih simbola u enterijeru"},"content":{"rendered":"<p>Za zajedni\u010dko jezgro koje projicira svetlost u sve 3 prostorije se izra\u0111uje jedna ista mre\u017ea isprepletanih simbola, jer je pri fabrikaciji lak\u0161e izraditi isti \u0161ablon 3 puta, nego raditi svaki zasebno. Da bi se izrazio simbol jedne od veroispovesti na ovaj na\u010din, panelom se prikrivaju odre\u0111eni delovi ove mre\u017ee.<\/p>\n<p><a href=\"https:\/\/www.arhns.uns.ac.rs\/givsf\/wp-content\/uploads\/2022\/06\/sematski-prikaz-postavke.jpg\"><img loading=\"lazy\" decoding=\"async\" class=\"alignnone size-medium wp-image-16382\" src=\"https:\/\/www.arhns.uns.ac.rs\/givsf\/wp-content\/uploads\/2022\/06\/sematski-prikaz-postavke-300x212.jpg\" alt=\"sematski prikaz postavke\" width=\"300\" height=\"212\" srcset=\"https:\/\/www.arhns.uns.ac.rs\/givsf\/wp-content\/uploads\/2022\/06\/sematski-prikaz-postavke-300x212.jpg 300w, https:\/\/www.arhns.uns.ac.rs\/givsf\/wp-content\/uploads\/2022\/06\/sematski-prikaz-postavke-1024x724.jpg 1024w\" sizes=\"auto, (max-width: 300px) 100vw, 300px\" \/><\/a><\/p>\n<p><a href=\"https:\/\/www.arhns.uns.ac.rs\/givsf\/wp-content\/uploads\/2022\/06\/elementi.jpg\"><img loading=\"lazy\" decoding=\"async\" class=\"alignnone size-medium wp-image-16383\" src=\"https:\/\/www.arhns.uns.ac.rs\/givsf\/wp-content\/uploads\/2022\/06\/elementi-300x212.jpg\" alt=\"elementi\" width=\"300\" height=\"212\" srcset=\"https:\/\/www.arhns.uns.ac.rs\/givsf\/wp-content\/uploads\/2022\/06\/elementi-300x212.jpg 300w, https:\/\/www.arhns.uns.ac.rs\/givsf\/wp-content\/uploads\/2022\/06\/elementi-1024x723.jpg 1024w, https:\/\/www.arhns.uns.ac.rs\/givsf\/wp-content\/uploads\/2022\/06\/elementi.jpg 1754w\" sizes=\"auto, (max-width: 300px) 100vw, 300px\" \/><\/a><\/p>\n<p>Tako\u0111e, bitno je naglasiti da ukoliko bi paneli koji prikrivaju bili mobilni, mogu\u0107e je imati samo jednu izra\u0111enu mre\u017eu simbola i na taj na\u010din zadr\u017eati prvobitnu ideju o jednom prostoru. Me\u0111utim, problem preklapanja verskih slu\u017ebi u takvom jedinstvenom prostoru i dalje ostaje nere\u0161en.<\/p>\n<p><a href=\"https:\/\/www.arhns.uns.ac.rs\/givsf\/wp-content\/uploads\/2022\/06\/celina.jpg\"><img loading=\"lazy\" decoding=\"async\" class=\"alignnone size-medium wp-image-16384\" src=\"https:\/\/www.arhns.uns.ac.rs\/givsf\/wp-content\/uploads\/2022\/06\/celina-300x212.jpg\" alt=\"celina\" width=\"300\" height=\"212\" srcset=\"https:\/\/www.arhns.uns.ac.rs\/givsf\/wp-content\/uploads\/2022\/06\/celina-300x212.jpg 300w, https:\/\/www.arhns.uns.ac.rs\/givsf\/wp-content\/uploads\/2022\/06\/celina-1024x723.jpg 1024w, https:\/\/www.arhns.uns.ac.rs\/givsf\/wp-content\/uploads\/2022\/06\/celina.jpg 1754w\" sizes=\"auto, (max-width: 300px) 100vw, 300px\" \/><\/a><\/p>\n<p>&nbsp;<\/p>\n<p>\u0160ablon u 2D interpretaciji prikazuje odre\u0111eni potencijal, dok to u prostornom prikazu nije slu\u010daj. Projicirane senke krsta se ne razaznaju, te\u00a0<strong>ne zadovoljava\u00a0<\/strong>kriterijum. Ostala dva simbola, islamski ornament i Davidova zvezda se jasno uo\u010davaju, te oni u odre\u0111enoj meri\u00a0<strong>zadovoljavaju<\/strong> po\u010detni kriterijum.<\/p>\n<p><a href=\"https:\/\/www.arhns.uns.ac.rs\/givsf\/wp-content\/uploads\/2022\/06\/13.jpg\"><img loading=\"lazy\" decoding=\"async\" class=\"alignnone size-medium wp-image-16385\" src=\"https:\/\/www.arhns.uns.ac.rs\/givsf\/wp-content\/uploads\/2022\/06\/13-300x168.jpg\" alt=\"1\" width=\"300\" height=\"168\" srcset=\"https:\/\/www.arhns.uns.ac.rs\/givsf\/wp-content\/uploads\/2022\/06\/13-300x168.jpg 300w, https:\/\/www.arhns.uns.ac.rs\/givsf\/wp-content\/uploads\/2022\/06\/13-1024x575.jpg 1024w\" sizes=\"auto, (max-width: 300px) 100vw, 300px\" \/><\/a>Projicirana senka Davidove zvezde u enterijeru<\/p>\n<p><a href=\"https:\/\/www.arhns.uns.ac.rs\/givsf\/wp-content\/uploads\/2022\/06\/22.jpg\"><img loading=\"lazy\" decoding=\"async\" class=\"alignnone size-medium wp-image-16386\" src=\"https:\/\/www.arhns.uns.ac.rs\/givsf\/wp-content\/uploads\/2022\/06\/22-300x168.jpg\" alt=\"2\" width=\"300\" height=\"168\" srcset=\"https:\/\/www.arhns.uns.ac.rs\/givsf\/wp-content\/uploads\/2022\/06\/22-300x168.jpg 300w, https:\/\/www.arhns.uns.ac.rs\/givsf\/wp-content\/uploads\/2022\/06\/22-1024x576.jpg 1024w\" sizes=\"auto, (max-width: 300px) 100vw, 300px\" \/><\/a>Projicirana senka krsta u enterijeru (neuspela)<\/p>\n<p><a href=\"https:\/\/www.arhns.uns.ac.rs\/givsf\/wp-content\/uploads\/2022\/06\/32.jpg\"><img loading=\"lazy\" decoding=\"async\" class=\"alignnone size-medium wp-image-16387\" src=\"https:\/\/www.arhns.uns.ac.rs\/givsf\/wp-content\/uploads\/2022\/06\/32-300x168.jpg\" alt=\"3\" width=\"300\" height=\"168\" srcset=\"https:\/\/www.arhns.uns.ac.rs\/givsf\/wp-content\/uploads\/2022\/06\/32-300x168.jpg 300w, https:\/\/www.arhns.uns.ac.rs\/givsf\/wp-content\/uploads\/2022\/06\/32-1024x576.jpg 1024w\" sizes=\"auto, (max-width: 300px) 100vw, 300px\" \/><\/a>Projicirana senka ornamenta u enterijeru<\/p>\n<p>&nbsp;<\/p>\n<p><strong>ZAKLJU\u010cAK<\/strong><\/p>\n<p>Me\u0111usobnim preplitanjem simbola mogu\u0107e je izraditi jedinstvenu mre\u017eu koja \u0107e projicirati zadate simbole u odre\u0111enoj meri. I dalje ostaje otvoreno pitanje da li zadr\u017eati jedan objekat pa u skladu sa tim re\u0161avati problem preklapanja verskih slu\u017ebi, ili pak razlo\u017eiti tu morfologiju na 3 razli\u010dita prostora i dalje istra\u017eivati i modelovati panele koji \u0107e biti u stanju da u odnosu na prirodnu svetlost (putanju sunca) projiciraju adekvatan simbol na zadovoljavaju\u0107 na\u010din.<\/p>\n","protected":false},"excerpt":{"rendered":"<p>Za zajedni\u010dko jezgro koje projicira svetlost u sve 3 prostorije se izra\u0111uje jedna ista mre\u017ea isprepletanih simbola, jer je pri fabrikaciji lak\u0161e izraditi isti \u0161ablon 3 puta, nego raditi svaki zasebno. Da bi se izrazio simbol jedne od veroispovesti na ovaj na\u010din, panelom se prikrivaju odre\u0111eni delovi ove mre\u017ee. Tako\u0111e, bitno je naglasiti da ukoliko&hellip; <a class=\"more-link\" href=\"https:\/\/www.arhns.uns.ac.rs\/givsf\/faza-3-projiciranje-avramskih-simbola-u-enterijeru\/\">Continue reading <span class=\"screen-reader-text\">Faza III &#8211; Projiciranje avramskih simbola u enterijeru<\/span><\/a><\/p>\n","protected":false},"author":508,"featured_media":0,"comment_status":"open","ping_status":"open","sticky":false,"template":"","format":"standard","meta":{"footnotes":""},"categories":[1],"tags":[],"coauthors":[496],"class_list":["post-16381","post","type-post","status-publish","format-standard","hentry","category-opste","entry"],"_links":{"self":[{"href":"https:\/\/www.arhns.uns.ac.rs\/givsf\/wp-json\/wp\/v2\/posts\/16381","targetHints":{"allow":["GET"]}}],"collection":[{"href":"https:\/\/www.arhns.uns.ac.rs\/givsf\/wp-json\/wp\/v2\/posts"}],"about":[{"href":"https:\/\/www.arhns.uns.ac.rs\/givsf\/wp-json\/wp\/v2\/types\/post"}],"author":[{"embeddable":true,"href":"https:\/\/www.arhns.uns.ac.rs\/givsf\/wp-json\/wp\/v2\/users\/508"}],"replies":[{"embeddable":true,"href":"https:\/\/www.arhns.uns.ac.rs\/givsf\/wp-json\/wp\/v2\/comments?post=16381"}],"version-history":[{"count":2,"href":"https:\/\/www.arhns.uns.ac.rs\/givsf\/wp-json\/wp\/v2\/posts\/16381\/revisions"}],"predecessor-version":[{"id":16389,"href":"https:\/\/www.arhns.uns.ac.rs\/givsf\/wp-json\/wp\/v2\/posts\/16381\/revisions\/16389"}],"wp:attachment":[{"href":"https:\/\/www.arhns.uns.ac.rs\/givsf\/wp-json\/wp\/v2\/media?parent=16381"}],"wp:term":[{"taxonomy":"category","embeddable":true,"href":"https:\/\/www.arhns.uns.ac.rs\/givsf\/wp-json\/wp\/v2\/categories?post=16381"},{"taxonomy":"post_tag","embeddable":true,"href":"https:\/\/www.arhns.uns.ac.rs\/givsf\/wp-json\/wp\/v2\/tags?post=16381"},{"taxonomy":"author","embeddable":true,"href":"https:\/\/www.arhns.uns.ac.rs\/givsf\/wp-json\/wp\/v2\/coauthors?post=16381"}],"curies":[{"name":"wp","href":"https:\/\/api.w.org\/{rel}","templated":true}]}}