{"id":1537,"date":"2013-06-17T21:08:58","date_gmt":"2013-06-17T20:08:58","guid":{"rendered":"http:\/\/www.arhns.com\/givsf\/?p=1537"},"modified":"2013-06-17T21:08:58","modified_gmt":"2013-06-17T20:08:58","slug":"cesma-u-limanskom-parku-03","status":"publish","type":"post","link":"https:\/\/www.arhns.uns.ac.rs\/givsf\/cesma-u-limanskom-parku-03\/","title":{"rendered":"Cesma u Limanskom parku &#8211; 03"},"content":{"rendered":"<p>U\u00a0 drugoj fazi zapo\u010deta je primena siistema\u00a0 sli\u010dnog sistemu klackalicekojim bi se omogu\u0107ilo lako prilago\u0111avanje konstrukcije \u010desme njenim korisnicima.\u00a0 U ovoj fazi kreirana je idejna forma, kao i mogu\u0107nost resenja njenog neposrednog okru\u017eenja . Tre\u0107a i finalna faza sadr\u017ea\u0107e kona\u010dni prikaz konstrukcije i materijalizacije, kao i grafi\u010dke priloge koji \u0107e ispratiti re\u0161enje \u010desme i njenog okru\u017eenja.<\/p>\n<p><a href=\"https:\/\/www.arhns.uns.ac.rs\/givsf\/wp-content\/uploads\/2013\/06\/druga-faza-cesma.png\"><img loading=\"lazy\" decoding=\"async\" class=\"alignnone size-medium wp-image-1538\" alt=\"druga faza cesma\" src=\"https:\/\/www.arhns.uns.ac.rs\/givsf\/wp-content\/uploads\/2013\/06\/druga-faza-cesma-300x212.png\" width=\"300\" height=\"212\" srcset=\"https:\/\/www.arhns.uns.ac.rs\/givsf\/wp-content\/uploads\/2013\/06\/druga-faza-cesma-300x212.png 300w, https:\/\/www.arhns.uns.ac.rs\/givsf\/wp-content\/uploads\/2013\/06\/druga-faza-cesma-1024x724.png 1024w\" sizes=\"auto, (max-width: 300px) 100vw, 300px\" \/><\/a><\/p>\n","protected":false},"excerpt":{"rendered":"<p>U\u00a0 drugoj fazi zapo\u010deta je primena siistema\u00a0 sli\u010dnog sistemu klackalicekojim bi se omogu\u0107ilo lako prilago\u0111avanje konstrukcije \u010desme njenim korisnicima.\u00a0 U ovoj fazi kreirana je idejna forma, kao i mogu\u0107nost resenja njenog neposrednog okru\u017eenja . Tre\u0107a i finalna faza sadr\u017ea\u0107e kona\u010dni prikaz konstrukcije i materijalizacije, kao i grafi\u010dke priloge koji \u0107e ispratiti re\u0161enje \u010desme i njenog&hellip; <a class=\"more-link\" href=\"https:\/\/www.arhns.uns.ac.rs\/givsf\/cesma-u-limanskom-parku-03\/\">Continue reading <span class=\"screen-reader-text\">Cesma u Limanskom parku &#8211; 03<\/span><\/a><\/p>\n","protected":false},"author":68,"featured_media":0,"comment_status":"open","ping_status":"open","sticky":false,"template":"","format":"standard","meta":{"footnotes":""},"categories":[10],"tags":[],"coauthors":[],"class_list":["post-1537","post","type-post","status-publish","format-standard","hentry","category-radovi","entry"],"_links":{"self":[{"href":"https:\/\/www.arhns.uns.ac.rs\/givsf\/wp-json\/wp\/v2\/posts\/1537","targetHints":{"allow":["GET"]}}],"collection":[{"href":"https:\/\/www.arhns.uns.ac.rs\/givsf\/wp-json\/wp\/v2\/posts"}],"about":[{"href":"https:\/\/www.arhns.uns.ac.rs\/givsf\/wp-json\/wp\/v2\/types\/post"}],"author":[{"embeddable":true,"href":"https:\/\/www.arhns.uns.ac.rs\/givsf\/wp-json\/wp\/v2\/users\/68"}],"replies":[{"embeddable":true,"href":"https:\/\/www.arhns.uns.ac.rs\/givsf\/wp-json\/wp\/v2\/comments?post=1537"}],"version-history":[{"count":1,"href":"https:\/\/www.arhns.uns.ac.rs\/givsf\/wp-json\/wp\/v2\/posts\/1537\/revisions"}],"predecessor-version":[{"id":1539,"href":"https:\/\/www.arhns.uns.ac.rs\/givsf\/wp-json\/wp\/v2\/posts\/1537\/revisions\/1539"}],"wp:attachment":[{"href":"https:\/\/www.arhns.uns.ac.rs\/givsf\/wp-json\/wp\/v2\/media?parent=1537"}],"wp:term":[{"taxonomy":"category","embeddable":true,"href":"https:\/\/www.arhns.uns.ac.rs\/givsf\/wp-json\/wp\/v2\/categories?post=1537"},{"taxonomy":"post_tag","embeddable":true,"href":"https:\/\/www.arhns.uns.ac.rs\/givsf\/wp-json\/wp\/v2\/tags?post=1537"},{"taxonomy":"author","embeddable":true,"href":"https:\/\/www.arhns.uns.ac.rs\/givsf\/wp-json\/wp\/v2\/coauthors?post=1537"}],"curies":[{"name":"wp","href":"https:\/\/api.w.org\/{rel}","templated":true}]}}