{"id":1503,"date":"2013-06-15T19:55:50","date_gmt":"2013-06-15T18:55:50","guid":{"rendered":"http:\/\/www.arhns.com\/givsf\/?p=1503"},"modified":"2013-06-15T20:02:05","modified_gmt":"2013-06-15T19:02:05","slug":"rekonstrukcija-prostora-sa-slike-2","status":"publish","type":"post","link":"https:\/\/www.arhns.uns.ac.rs\/givsf\/rekonstrukcija-prostora-sa-slike-2\/","title":{"rendered":"Rekonstrukcija prostora sa slike 2"},"content":{"rendered":"<p>Da bi ne\u0161to rekonstruisali iz 2D prostora u 3D,prvo je potrebno razlo\u017eiti perspektivu. To nije problem ako se rekonstrukcija radi sa fotografije ili slike gde su po\u0161tovana pravila perspektive (predhodno se mo\u017ee iscrtati u photoshopu ako se ne vide sve ta\u010dke na slici)<br \/>\n<a href=\"https:\/\/www.arhns.uns.ac.rs\/givsf\/wp-content\/uploads\/2013\/06\/02cf0.jpg\"><img loading=\"lazy\" decoding=\"async\" src=\"https:\/\/www.arhns.uns.ac.rs\/givsf\/wp-content\/uploads\/2013\/06\/02cf0-300x187.jpg\" alt=\"02cf0\" width=\"300\" height=\"187\" class=\"alignnone size-medium wp-image-1504\" srcset=\"https:\/\/www.arhns.uns.ac.rs\/givsf\/wp-content\/uploads\/2013\/06\/02cf0-300x187.jpg 300w, https:\/\/www.arhns.uns.ac.rs\/givsf\/wp-content\/uploads\/2013\/06\/02cf0-1024x640.jpg 1024w, https:\/\/www.arhns.uns.ac.rs\/givsf\/wp-content\/uploads\/2013\/06\/02cf0.jpg 1200w\" sizes=\"auto, (max-width: 300px) 100vw, 300px\" \/><\/a><br \/>\nProblem mo\u017ee da nastane ako ne slici koju smo izabrali nisu po\u0161tovana pravila perspektive u potpunosti<br \/>\n<a href=\"https:\/\/www.arhns.uns.ac.rs\/givsf\/wp-content\/uploads\/2013\/06\/gogh.chambre-arles.jpg\"><img loading=\"lazy\" decoding=\"async\" src=\"https:\/\/www.arhns.uns.ac.rs\/givsf\/wp-content\/uploads\/2013\/06\/gogh.chambre-arles-300x228.jpg\" alt=\"gogh.chambre-arles\" width=\"300\" height=\"228\" class=\"alignnone size-medium wp-image-1506\" srcset=\"https:\/\/www.arhns.uns.ac.rs\/givsf\/wp-content\/uploads\/2013\/06\/gogh.chambre-arles-300x228.jpg 300w, https:\/\/www.arhns.uns.ac.rs\/givsf\/wp-content\/uploads\/2013\/06\/gogh.chambre-arles-1024x779.jpg 1024w, https:\/\/www.arhns.uns.ac.rs\/givsf\/wp-content\/uploads\/2013\/06\/gogh.chambre-arles.jpg 1061w\" sizes=\"auto, (max-width: 300px) 100vw, 300px\" \/><\/a><br \/>\nTako\u0111e vi\u0161e rada zahteva ako je u pitanju slika koja na oko deluje proporcionalno,a kada po\u010dne da se izvodi,primete se razna ne slaganja. Odli\u010dan primer za to su renesansne slike<br \/>\n<a href=\"https:\/\/www.arhns.uns.ac.rs\/givsf\/wp-content\/uploads\/2013\/06\/Sposalizio_della_Vergine_ricostruzione_sezione_aurea.jpg\"><img loading=\"lazy\" decoding=\"async\" src=\"https:\/\/www.arhns.uns.ac.rs\/givsf\/wp-content\/uploads\/2013\/06\/Sposalizio_della_Vergine_ricostruzione_sezione_aurea-177x300.jpg\" alt=\"Sposalizio_della_Vergine_ricostruzione_sezione_aurea\" width=\"177\" height=\"300\" class=\"alignnone size-medium wp-image-1508\" srcset=\"https:\/\/www.arhns.uns.ac.rs\/givsf\/wp-content\/uploads\/2013\/06\/Sposalizio_della_Vergine_ricostruzione_sezione_aurea-177x300.jpg 177w, https:\/\/www.arhns.uns.ac.rs\/givsf\/wp-content\/uploads\/2013\/06\/Sposalizio_della_Vergine_ricostruzione_sezione_aurea-607x1024.jpg 607w\" sizes=\"auto, (max-width: 177px) 100vw, 177px\" \/><\/a><br \/>\nA nekada je takav poduhvat jednostavno nemogu\u0107<br \/>\n<a href=\"https:\/\/www.arhns.uns.ac.rs\/givsf\/wp-content\/uploads\/2013\/06\/escher-relativity-lithograph-medium.jpg\"><img loading=\"lazy\" decoding=\"async\" src=\"https:\/\/www.arhns.uns.ac.rs\/givsf\/wp-content\/uploads\/2013\/06\/escher-relativity-lithograph-medium-300x286.jpg\" alt=\"Relativity\" width=\"300\" height=\"286\" class=\"alignnone size-medium wp-image-1515\" srcset=\"https:\/\/www.arhns.uns.ac.rs\/givsf\/wp-content\/uploads\/2013\/06\/escher-relativity-lithograph-medium-300x286.jpg 300w, https:\/\/www.arhns.uns.ac.rs\/givsf\/wp-content\/uploads\/2013\/06\/escher-relativity-lithograph-medium-32x32.jpg 32w, https:\/\/www.arhns.uns.ac.rs\/givsf\/wp-content\/uploads\/2013\/06\/escher-relativity-lithograph-medium.jpg 1024w\" sizes=\"auto, (max-width: 300px) 100vw, 300px\" \/><\/a><\/p>\n","protected":false},"excerpt":{"rendered":"<p>Da bi ne\u0161to rekonstruisali iz 2D prostora u 3D,prvo je potrebno razlo\u017eiti perspektivu. To nije problem ako se rekonstrukcija radi sa fotografije ili slike gde su po\u0161tovana pravila perspektive (predhodno se mo\u017ee iscrtati u photoshopu ako se ne vide sve ta\u010dke na slici) Problem mo\u017ee da nastane ako ne slici koju smo izabrali nisu po\u0161tovana&hellip; <a class=\"more-link\" href=\"https:\/\/www.arhns.uns.ac.rs\/givsf\/rekonstrukcija-prostora-sa-slike-2\/\">Continue reading <span class=\"screen-reader-text\">Rekonstrukcija prostora sa slike 2<\/span><\/a><\/p>\n","protected":false},"author":66,"featured_media":0,"comment_status":"open","ping_status":"open","sticky":false,"template":"","format":"standard","meta":{"footnotes":""},"categories":[10],"tags":[],"coauthors":[],"class_list":["post-1503","post","type-post","status-publish","format-standard","hentry","category-radovi","entry"],"_links":{"self":[{"href":"https:\/\/www.arhns.uns.ac.rs\/givsf\/wp-json\/wp\/v2\/posts\/1503","targetHints":{"allow":["GET"]}}],"collection":[{"href":"https:\/\/www.arhns.uns.ac.rs\/givsf\/wp-json\/wp\/v2\/posts"}],"about":[{"href":"https:\/\/www.arhns.uns.ac.rs\/givsf\/wp-json\/wp\/v2\/types\/post"}],"author":[{"embeddable":true,"href":"https:\/\/www.arhns.uns.ac.rs\/givsf\/wp-json\/wp\/v2\/users\/66"}],"replies":[{"embeddable":true,"href":"https:\/\/www.arhns.uns.ac.rs\/givsf\/wp-json\/wp\/v2\/comments?post=1503"}],"version-history":[{"count":8,"href":"https:\/\/www.arhns.uns.ac.rs\/givsf\/wp-json\/wp\/v2\/posts\/1503\/revisions"}],"predecessor-version":[{"id":1516,"href":"https:\/\/www.arhns.uns.ac.rs\/givsf\/wp-json\/wp\/v2\/posts\/1503\/revisions\/1516"}],"wp:attachment":[{"href":"https:\/\/www.arhns.uns.ac.rs\/givsf\/wp-json\/wp\/v2\/media?parent=1503"}],"wp:term":[{"taxonomy":"category","embeddable":true,"href":"https:\/\/www.arhns.uns.ac.rs\/givsf\/wp-json\/wp\/v2\/categories?post=1503"},{"taxonomy":"post_tag","embeddable":true,"href":"https:\/\/www.arhns.uns.ac.rs\/givsf\/wp-json\/wp\/v2\/tags?post=1503"},{"taxonomy":"author","embeddable":true,"href":"https:\/\/www.arhns.uns.ac.rs\/givsf\/wp-json\/wp\/v2\/coauthors?post=1503"}],"curies":[{"name":"wp","href":"https:\/\/api.w.org\/{rel}","templated":true}]}}