{"id":1469,"date":"2013-06-13T14:25:42","date_gmt":"2013-06-13T13:25:42","guid":{"rendered":"http:\/\/www.arhns.com\/givsf\/?p=1469"},"modified":"2013-06-13T14:25:42","modified_gmt":"2013-06-13T13:25:42","slug":"mobilijar","status":"publish","type":"post","link":"https:\/\/www.arhns.uns.ac.rs\/givsf\/mobilijar\/","title":{"rendered":"Mobilijar"},"content":{"rendered":"<p>Ovim postom se upotpunjuje mobilijar kome je potrebno jo\u0161 na\u0107i mesto na prostoru Studentskog trga i uklopiti ga sa novoprojektovanim urbanisti\u010dkim re\u0161enjem.<a href=\"https:\/\/www.arhns.uns.ac.rs\/givsf\/wp-content\/uploads\/2013\/06\/WC-KABINA-.jpg\"><img loading=\"lazy\" decoding=\"async\" class=\"alignnone size-medium wp-image-1470\" alt=\"WC KABINA\" src=\"https:\/\/www.arhns.uns.ac.rs\/givsf\/wp-content\/uploads\/2013\/06\/WC-KABINA--300x225.jpg\" width=\"300\" height=\"225\" srcset=\"https:\/\/www.arhns.uns.ac.rs\/givsf\/wp-content\/uploads\/2013\/06\/WC-KABINA--300x225.jpg 300w, https:\/\/www.arhns.uns.ac.rs\/givsf\/wp-content\/uploads\/2013\/06\/WC-KABINA-.jpg 800w\" sizes=\"auto, (max-width: 300px) 100vw, 300px\" \/><\/a> <a href=\"https:\/\/www.arhns.uns.ac.rs\/givsf\/wp-content\/uploads\/2013\/06\/CESMA.jpg\"><img loading=\"lazy\" decoding=\"async\" class=\"alignnone size-medium wp-image-1471\" alt=\"CESMA\" src=\"https:\/\/www.arhns.uns.ac.rs\/givsf\/wp-content\/uploads\/2013\/06\/CESMA-300x225.jpg\" width=\"300\" height=\"225\" srcset=\"https:\/\/www.arhns.uns.ac.rs\/givsf\/wp-content\/uploads\/2013\/06\/CESMA-300x225.jpg 300w, https:\/\/www.arhns.uns.ac.rs\/givsf\/wp-content\/uploads\/2013\/06\/CESMA.jpg 800w\" sizes=\"auto, (max-width: 300px) 100vw, 300px\" \/><\/a> <a href=\"https:\/\/www.arhns.uns.ac.rs\/givsf\/wp-content\/uploads\/2013\/06\/KANTA-ZA-SMECE.jpg\"><img loading=\"lazy\" decoding=\"async\" class=\"alignnone size-medium wp-image-1472\" alt=\"KANTA ZA SMECE\" src=\"https:\/\/www.arhns.uns.ac.rs\/givsf\/wp-content\/uploads\/2013\/06\/KANTA-ZA-SMECE-300x194.jpg\" width=\"300\" height=\"194\" srcset=\"https:\/\/www.arhns.uns.ac.rs\/givsf\/wp-content\/uploads\/2013\/06\/KANTA-ZA-SMECE-300x194.jpg 300w, https:\/\/www.arhns.uns.ac.rs\/givsf\/wp-content\/uploads\/2013\/06\/KANTA-ZA-SMECE.jpg 648w\" sizes=\"auto, (max-width: 300px) 100vw, 300px\" \/><\/a> <a href=\"https:\/\/www.arhns.uns.ac.rs\/givsf\/wp-content\/uploads\/2013\/06\/KLUPA-BEZ-NADSTRESNICE.jpg\"><img loading=\"lazy\" decoding=\"async\" class=\"alignnone size-medium wp-image-1473\" alt=\"KLUPA BEZ NADSTRESNICE\" src=\"https:\/\/www.arhns.uns.ac.rs\/givsf\/wp-content\/uploads\/2013\/06\/KLUPA-BEZ-NADSTRESNICE-300x225.jpg\" width=\"300\" height=\"225\" srcset=\"https:\/\/www.arhns.uns.ac.rs\/givsf\/wp-content\/uploads\/2013\/06\/KLUPA-BEZ-NADSTRESNICE-300x225.jpg 300w, https:\/\/www.arhns.uns.ac.rs\/givsf\/wp-content\/uploads\/2013\/06\/KLUPA-BEZ-NADSTRESNICE.jpg 800w\" sizes=\"auto, (max-width: 300px) 100vw, 300px\" \/><br \/>\n<\/a>Nikoli\u0107 Milan-wc kabina,klupa<br \/>\nViloti\u0107 Neboj\u0161a-kanta,\u010desma<br \/>\nJa\u0161i\u0107 Radomir-urbanisti\u010dko re\u0161enje<\/p>\n","protected":false},"excerpt":{"rendered":"<p>Ovim postom se upotpunjuje mobilijar kome je potrebno jo\u0161 na\u0107i mesto na prostoru Studentskog trga i uklopiti ga sa novoprojektovanim urbanisti\u010dkim re\u0161enjem. Nikoli\u0107 Milan-wc kabina,klupa Viloti\u0107 Neboj\u0161a-kanta,\u010desma Ja\u0161i\u0107 Radomir-urbanisti\u010dko re\u0161enje<\/p>\n","protected":false},"author":39,"featured_media":0,"comment_status":"open","ping_status":"open","sticky":false,"template":"","format":"standard","meta":{"footnotes":""},"categories":[10],"tags":[],"coauthors":[],"class_list":["post-1469","post","type-post","status-publish","format-standard","hentry","category-radovi","entry"],"_links":{"self":[{"href":"https:\/\/www.arhns.uns.ac.rs\/givsf\/wp-json\/wp\/v2\/posts\/1469","targetHints":{"allow":["GET"]}}],"collection":[{"href":"https:\/\/www.arhns.uns.ac.rs\/givsf\/wp-json\/wp\/v2\/posts"}],"about":[{"href":"https:\/\/www.arhns.uns.ac.rs\/givsf\/wp-json\/wp\/v2\/types\/post"}],"author":[{"embeddable":true,"href":"https:\/\/www.arhns.uns.ac.rs\/givsf\/wp-json\/wp\/v2\/users\/39"}],"replies":[{"embeddable":true,"href":"https:\/\/www.arhns.uns.ac.rs\/givsf\/wp-json\/wp\/v2\/comments?post=1469"}],"version-history":[{"count":1,"href":"https:\/\/www.arhns.uns.ac.rs\/givsf\/wp-json\/wp\/v2\/posts\/1469\/revisions"}],"predecessor-version":[{"id":1474,"href":"https:\/\/www.arhns.uns.ac.rs\/givsf\/wp-json\/wp\/v2\/posts\/1469\/revisions\/1474"}],"wp:attachment":[{"href":"https:\/\/www.arhns.uns.ac.rs\/givsf\/wp-json\/wp\/v2\/media?parent=1469"}],"wp:term":[{"taxonomy":"category","embeddable":true,"href":"https:\/\/www.arhns.uns.ac.rs\/givsf\/wp-json\/wp\/v2\/categories?post=1469"},{"taxonomy":"post_tag","embeddable":true,"href":"https:\/\/www.arhns.uns.ac.rs\/givsf\/wp-json\/wp\/v2\/tags?post=1469"},{"taxonomy":"author","embeddable":true,"href":"https:\/\/www.arhns.uns.ac.rs\/givsf\/wp-json\/wp\/v2\/coauthors?post=1469"}],"curies":[{"name":"wp","href":"https:\/\/api.w.org\/{rel}","templated":true}]}}