{"id":1171,"date":"2013-05-13T14:56:47","date_gmt":"2013-05-13T13:56:47","guid":{"rendered":"http:\/\/www.arhns.com\/givsf\/?p=1171"},"modified":"2013-05-15T15:29:50","modified_gmt":"2013-05-15T14:29:50","slug":"uredenje-mobilijara-na-studentskom-trgu-dr-sime-milosevica-br-6","status":"publish","type":"post","link":"https:\/\/www.arhns.uns.ac.rs\/givsf\/uredenje-mobilijara-na-studentskom-trgu-dr-sime-milosevica-br-6\/","title":{"rendered":"Ure\u0111enje mobilijara na studentskom trgu, dr.Sime Milo\u0161evi\u0107a br.6"},"content":{"rendered":"<div>OPIS:<\/div>\n<div>Projekat bi obuhvatio celokupan proces dizajniranja urbanog mobilijara koji smo zaklju\u010dili da nedostaje na studentskom trgu, ulica dr Sime Milo\u0161evi\u0107a 6 (klupa sa nadstre\u0161nicom, \u010desma, kontejner za otpad i wc), izvo\u0111a\u010dki projekat, kao i projekat implementacije mobilijara u prostor.<\/div>\n<div>\n<div>Cilj je da napravimo mobilijar koji je \u0161to lak\u0161i za izvo\u0111enje i koji je modularan.<\/div>\n<div>Tako\u0111e stremimo ka univerzalnom dizajnu.<\/div>\n<\/div>\n<div>Za izradu projekta koristi\u0107emo se alatima za 3D modelovanje, kao \u0161to je 3Ds Studio Max i alatima za tehni\u010dko crtanje iz Autodesk grupe programa.<\/div>\n<div><\/div>\n<div>TIM:<br \/>\nNeboj\u0161a Viloti\u0107 \u00a0 a1690<\/div>\n<div>Milan Nikoli\u0107 \u00a0 \u00a0 \u00a0a1691<\/div>\n<div>Radomir Ja\u0161i\u0107 \u00a0\u00a0 a1702<\/div>\n","protected":false},"excerpt":{"rendered":"<p>OPIS: Projekat bi obuhvatio celokupan proces dizajniranja urbanog mobilijara koji smo zaklju\u010dili da nedostaje na studentskom trgu, ulica dr Sime Milo\u0161evi\u0107a 6 (klupa sa nadstre\u0161nicom, \u010desma, kontejner za otpad i wc), izvo\u0111a\u010dki projekat, kao i projekat implementacije mobilijara u prostor. Cilj je da napravimo mobilijar koji je \u0161to lak\u0161i za izvo\u0111enje i koji je modularan.&hellip; <a class=\"more-link\" href=\"https:\/\/www.arhns.uns.ac.rs\/givsf\/uredenje-mobilijara-na-studentskom-trgu-dr-sime-milosevica-br-6\/\">Continue reading <span class=\"screen-reader-text\">Ure\u0111enje mobilijara na studentskom trgu, dr.Sime Milo\u0161evi\u0107a br.6<\/span><\/a><\/p>\n","protected":false},"author":39,"featured_media":0,"comment_status":"open","ping_status":"open","sticky":false,"template":"","format":"standard","meta":{"footnotes":""},"categories":[10],"tags":[],"coauthors":[],"class_list":["post-1171","post","type-post","status-publish","format-standard","hentry","category-radovi","entry"],"_links":{"self":[{"href":"https:\/\/www.arhns.uns.ac.rs\/givsf\/wp-json\/wp\/v2\/posts\/1171","targetHints":{"allow":["GET"]}}],"collection":[{"href":"https:\/\/www.arhns.uns.ac.rs\/givsf\/wp-json\/wp\/v2\/posts"}],"about":[{"href":"https:\/\/www.arhns.uns.ac.rs\/givsf\/wp-json\/wp\/v2\/types\/post"}],"author":[{"embeddable":true,"href":"https:\/\/www.arhns.uns.ac.rs\/givsf\/wp-json\/wp\/v2\/users\/39"}],"replies":[{"embeddable":true,"href":"https:\/\/www.arhns.uns.ac.rs\/givsf\/wp-json\/wp\/v2\/comments?post=1171"}],"version-history":[{"count":4,"href":"https:\/\/www.arhns.uns.ac.rs\/givsf\/wp-json\/wp\/v2\/posts\/1171\/revisions"}],"predecessor-version":[{"id":1185,"href":"https:\/\/www.arhns.uns.ac.rs\/givsf\/wp-json\/wp\/v2\/posts\/1171\/revisions\/1185"}],"wp:attachment":[{"href":"https:\/\/www.arhns.uns.ac.rs\/givsf\/wp-json\/wp\/v2\/media?parent=1171"}],"wp:term":[{"taxonomy":"category","embeddable":true,"href":"https:\/\/www.arhns.uns.ac.rs\/givsf\/wp-json\/wp\/v2\/categories?post=1171"},{"taxonomy":"post_tag","embeddable":true,"href":"https:\/\/www.arhns.uns.ac.rs\/givsf\/wp-json\/wp\/v2\/tags?post=1171"},{"taxonomy":"author","embeddable":true,"href":"https:\/\/www.arhns.uns.ac.rs\/givsf\/wp-json\/wp\/v2\/coauthors?post=1171"}],"curies":[{"name":"wp","href":"https:\/\/api.w.org\/{rel}","templated":true}]}}