{"id":11049,"date":"2020-03-31T17:17:05","date_gmt":"2020-03-31T16:17:05","guid":{"rendered":"https:\/\/www.arhns.uns.ac.rs\/givsf\/?p=11049"},"modified":"2020-06-11T19:40:54","modified_gmt":"2020-06-11T18:40:54","slug":"dinamicni-solarni-mural-i-faza","status":"publish","type":"post","link":"https:\/\/www.arhns.uns.ac.rs\/givsf\/dinamicni-solarni-mural-i-faza\/","title":{"rendered":"Dinami\u010dni solarni mural \u2013 I Faza"},"content":{"rendered":"<p>Tema: Dinami\u010dna igra senki, generisana suncem i ve\u0161ta\u010dkim osvetljenjem.<\/p>\n<p>Cilj:\u00a0Postizanje vi\u0161eg nivoa kombinacije senke i arhitekture, fokusiraju\u0107i se isklju\u010divo na eksterijer, dodavanjem umetnosti, poklanjaju\u0107i mu novo lice.<\/p>\n<p><a href=\"https:\/\/www.arhns.uns.ac.rs\/givsf\/wp-content\/uploads\/2020\/03\/shadow-typography-time-changes-everything-daku-15.gif\"><img loading=\"lazy\" decoding=\"async\" class=\"aligncenter size-medium wp-image-11050\" src=\"https:\/\/www.arhns.uns.ac.rs\/givsf\/wp-content\/uploads\/2020\/03\/shadow-typography-time-changes-everything-daku-15-300x168.gif\" alt=\"shadow-typography-time-changes-everything-daku-15\" width=\"300\" height=\"168\" \/><\/a><\/p>\n<p>&nbsp;<\/p>\n<p><a href=\"https:\/\/www.arhns.uns.ac.rs\/givsf\/wp-content\/uploads\/2020\/03\/fd2b3ea5392095583da0c710a3b2898c.jpg\"><img loading=\"lazy\" decoding=\"async\" class=\"aligncenter size-medium wp-image-11052\" src=\"https:\/\/www.arhns.uns.ac.rs\/givsf\/wp-content\/uploads\/2020\/03\/fd2b3ea5392095583da0c710a3b2898c-300x225.jpg\" alt=\"fd2b3ea5392095583da0c710a3b2898c\" width=\"300\" height=\"225\" srcset=\"https:\/\/www.arhns.uns.ac.rs\/givsf\/wp-content\/uploads\/2020\/03\/fd2b3ea5392095583da0c710a3b2898c-300x225.jpg 300w, https:\/\/www.arhns.uns.ac.rs\/givsf\/wp-content\/uploads\/2020\/03\/fd2b3ea5392095583da0c710a3b2898c-1024x768.jpg 1024w, https:\/\/www.arhns.uns.ac.rs\/givsf\/wp-content\/uploads\/2020\/03\/fd2b3ea5392095583da0c710a3b2898c.jpg 1200w\" sizes=\"auto, (max-width: 300px) 100vw, 300px\" \/><\/a><\/p>\n<p>&nbsp;<\/p>\n<p>Naslikani mural na zidu na odre\u0111enoj lokaciji, treba da se transformi\u0161e danju, pomo\u0107u prirodnog osvetljenja i no\u0107u, pomo\u0107u ve\u0161ta\u010dkog osvetljenja, stvaraju\u0107i senke\u00a0u obliku krila, pla\u0161ta i rogova.\u00a0Dodavanjem nove forme postoje\u0107em nacrtu, dobijamo inovativnu dimenziju\u00a0arhritekture, koja mo\u017ee da se iskoristi u svim oblastima iste.<\/p>\n<p>Na samom zidu je oslikan mural \u010doveka u obi\u010dnom odelu, koji predstavlja\u00a0prose\u010dno ljudsko bi\u0107e\u2014nas. U zavisnosti od okolnosti i spolja\u0161njih uticaja, oblik murala se menja, ba\u0161 kako se i ljudi menjaju u zavisnosti od \u017eivotnih situacija: pokazuju svoju pozitivnu, odnosno negativnu stranu.<\/p>\n<p>Problem celokupnog koncepta predstavlja raspored elemenata na samoj fasadi, koji su postavljeni u cilju dobijanja odre\u0111enog oblika senke, kako bi se postigao \u017eeljeni efekat.<\/p>\n<p>Pozadina koncepta: Dnevna faza predstavlja an\u0111ela, koji na sebi ima pla\u0161t i krila,\u00a0prikazanih pomo\u0107u sun\u010devih zraka, odnosno senke. No\u0107na faza prikazuje\u00a0an\u0111ela gre\u0161nika u obliku \u0111avola sa rogovima, osvetljenog ve\u0161ta\u010dkim svetlom, koji je ka\u017enjen od strane njegovog oca, Boga.<\/p>\n<p>&nbsp;<\/p>\n<p>&nbsp;<\/p>\n<p>Izvori:<\/p>\n<p><a href=\"https:\/\/www.archdaily.com\/795640\/daku-mounts-typography-on-building-facade-to-create-dynamic-mural-powered-by-the-sun\">https:\/\/www.archdaily.com\/795640\/daku-mounts-typography-on-building-facade-to-create-dynamic-mural-powered-by-the-sun<\/a><\/p>\n<p><a href=\"https:\/\/www.instagram.com\/vincent_bal\/\">https:\/\/www.instagram.com\/vincent_bal\/<\/a><\/p>\n","protected":false},"excerpt":{"rendered":"<p>Tema: Dinami\u010dna igra senki, generisana suncem i ve\u0161ta\u010dkim osvetljenjem. Cilj:\u00a0Postizanje vi\u0161eg nivoa kombinacije senke i arhitekture, fokusiraju\u0107i se isklju\u010divo na eksterijer, dodavanjem umetnosti, poklanjaju\u0107i mu novo lice. &nbsp; &nbsp; Naslikani mural na zidu na odre\u0111enoj lokaciji, treba da se transformi\u0161e danju, pomo\u0107u prirodnog osvetljenja i no\u0107u, pomo\u0107u ve\u0161ta\u010dkog osvetljenja, stvaraju\u0107i senke\u00a0u obliku krila, pla\u0161ta i&hellip; <a class=\"more-link\" href=\"https:\/\/www.arhns.uns.ac.rs\/givsf\/dinamicni-solarni-mural-i-faza\/\">Continue reading <span class=\"screen-reader-text\">Dinami\u010dni solarni mural \u2013 I Faza<\/span><\/a><\/p>\n","protected":false},"author":413,"featured_media":0,"comment_status":"open","ping_status":"open","sticky":false,"template":"","format":"standard","meta":{"footnotes":""},"categories":[433],"tags":[],"coauthors":[],"class_list":["post-11049","post","type-post","status-publish","format-standard","hentry","category-1920-radovi","entry"],"_links":{"self":[{"href":"https:\/\/www.arhns.uns.ac.rs\/givsf\/wp-json\/wp\/v2\/posts\/11049","targetHints":{"allow":["GET"]}}],"collection":[{"href":"https:\/\/www.arhns.uns.ac.rs\/givsf\/wp-json\/wp\/v2\/posts"}],"about":[{"href":"https:\/\/www.arhns.uns.ac.rs\/givsf\/wp-json\/wp\/v2\/types\/post"}],"author":[{"embeddable":true,"href":"https:\/\/www.arhns.uns.ac.rs\/givsf\/wp-json\/wp\/v2\/users\/413"}],"replies":[{"embeddable":true,"href":"https:\/\/www.arhns.uns.ac.rs\/givsf\/wp-json\/wp\/v2\/comments?post=11049"}],"version-history":[{"count":12,"href":"https:\/\/www.arhns.uns.ac.rs\/givsf\/wp-json\/wp\/v2\/posts\/11049\/revisions"}],"predecessor-version":[{"id":12488,"href":"https:\/\/www.arhns.uns.ac.rs\/givsf\/wp-json\/wp\/v2\/posts\/11049\/revisions\/12488"}],"wp:attachment":[{"href":"https:\/\/www.arhns.uns.ac.rs\/givsf\/wp-json\/wp\/v2\/media?parent=11049"}],"wp:term":[{"taxonomy":"category","embeddable":true,"href":"https:\/\/www.arhns.uns.ac.rs\/givsf\/wp-json\/wp\/v2\/categories?post=11049"},{"taxonomy":"post_tag","embeddable":true,"href":"https:\/\/www.arhns.uns.ac.rs\/givsf\/wp-json\/wp\/v2\/tags?post=11049"},{"taxonomy":"author","embeddable":true,"href":"https:\/\/www.arhns.uns.ac.rs\/givsf\/wp-json\/wp\/v2\/coauthors?post=11049"}],"curies":[{"name":"wp","href":"https:\/\/api.w.org\/{rel}","templated":true}]}}