{"id":1445,"date":"2017-09-27T06:47:36","date_gmt":"2017-09-27T06:47:36","guid":{"rendered":"http:\/\/www.arhns.uns.ac.rs\/cdd\/?p=1445"},"modified":"2017-10-08T16:21:37","modified_gmt":"2017-10-08T16:21:37","slug":"centar-na-bilbordu-na-trgu-republike-u-novom-sadu","status":"publish","type":"post","link":"https:\/\/www.arhns.uns.ac.rs\/cdd\/centar-na-bilbordu-na-trgu-republike-u-novom-sadu\/","title":{"rendered":"Centar na bilbordu na Trgu republike u Novom Sadu"},"content":{"rendered":"<p>Trg republike u Novom Sadu je dobio novi detalj!<\/p>\n<p>Promocija HOT nauke u okviru\u00a0<a class=\"profileLink\" href=\"https:\/\/www.facebook.com\/nocistrazivacanovisad\/?fref=mentions\" data-hovercard=\"\/ajax\/hovercard\/page.php?id=165904500129565&amp;extragetparams=%7B%22fref%22%3A%22mentions%22%7D\" data-hovercard-prefer-more-content-show=\"1\">No\u0107 istra\u017eiva\u010da Novi Sad<\/a>\u00a0i predstavljanje Centra za digitalni dizajn!<\/p>\n<p><a href=\"http:\/\/www.arhns.uns.ac.rs\/cdd\/wp-content\/uploads\/2017\/09\/21458096_905403936278536_665417227004188799_o.jpg\"><img loading=\"lazy\" decoding=\"async\" class=\"alignnone size-full wp-image-1446\" src=\"http:\/\/www.arhns.uns.ac.rs\/cdd\/wp-content\/uploads\/2017\/09\/21458096_905403936278536_665417227004188799_o.jpg\" alt=\"21458096_905403936278536_665417227004188799_o\" width=\"1200\" height=\"881\" srcset=\"https:\/\/www.arhns.uns.ac.rs\/cdd\/wp-content\/uploads\/2017\/09\/21458096_905403936278536_665417227004188799_o.jpg 1200w, https:\/\/www.arhns.uns.ac.rs\/cdd\/wp-content\/uploads\/2017\/09\/21458096_905403936278536_665417227004188799_o-300x220.jpg 300w, https:\/\/www.arhns.uns.ac.rs\/cdd\/wp-content\/uploads\/2017\/09\/21458096_905403936278536_665417227004188799_o-1024x751.jpg 1024w, https:\/\/www.arhns.uns.ac.rs\/cdd\/wp-content\/uploads\/2017\/09\/21458096_905403936278536_665417227004188799_o-340x250.jpg 340w\" sizes=\"auto, (max-width: 1200px) 100vw, 1200px\" \/><\/a><\/p>\n","protected":false},"excerpt":{"rendered":"<p>Trg republike u Novom Sadu je dobio novi detalj! Promocija HOT nauke u okviru\u00a0No\u0107 istra\u017eiva\u010da Novi Sad\u00a0i predstavljanje Centra za digitalni dizajn!<\/p>\n","protected":false},"author":4,"featured_media":1446,"comment_status":"open","ping_status":"open","sticky":false,"template":"","format":"standard","meta":{"footnotes":""},"categories":[1],"tags":[],"class_list":["post-1445","post","type-post","status-publish","format-standard","has-post-thumbnail","hentry","category-uncategorized"],"_links":{"self":[{"href":"https:\/\/www.arhns.uns.ac.rs\/cdd\/wp-json\/wp\/v2\/posts\/1445","targetHints":{"allow":["GET"]}}],"collection":[{"href":"https:\/\/www.arhns.uns.ac.rs\/cdd\/wp-json\/wp\/v2\/posts"}],"about":[{"href":"https:\/\/www.arhns.uns.ac.rs\/cdd\/wp-json\/wp\/v2\/types\/post"}],"author":[{"embeddable":true,"href":"https:\/\/www.arhns.uns.ac.rs\/cdd\/wp-json\/wp\/v2\/users\/4"}],"replies":[{"embeddable":true,"href":"https:\/\/www.arhns.uns.ac.rs\/cdd\/wp-json\/wp\/v2\/comments?post=1445"}],"version-history":[{"count":4,"href":"https:\/\/www.arhns.uns.ac.rs\/cdd\/wp-json\/wp\/v2\/posts\/1445\/revisions"}],"predecessor-version":[{"id":1466,"href":"https:\/\/www.arhns.uns.ac.rs\/cdd\/wp-json\/wp\/v2\/posts\/1445\/revisions\/1466"}],"wp:featuredmedia":[{"embeddable":true,"href":"https:\/\/www.arhns.uns.ac.rs\/cdd\/wp-json\/wp\/v2\/media\/1446"}],"wp:attachment":[{"href":"https:\/\/www.arhns.uns.ac.rs\/cdd\/wp-json\/wp\/v2\/media?parent=1445"}],"wp:term":[{"taxonomy":"category","embeddable":true,"href":"https:\/\/www.arhns.uns.ac.rs\/cdd\/wp-json\/wp\/v2\/categories?post=1445"},{"taxonomy":"post_tag","embeddable":true,"href":"https:\/\/www.arhns.uns.ac.rs\/cdd\/wp-json\/wp\/v2\/tags?post=1445"}],"curies":[{"name":"wp","href":"https:\/\/api.w.org\/{rel}","templated":true}]}}